{"id":236087,"date":"2025-07-08T21:31:11","date_gmt":"2025-07-08T21:31:11","guid":{"rendered":"https:\/\/www.europesays.com\/fr\/236087\/"},"modified":"2025-07-08T21:31:11","modified_gmt":"2025-07-08T21:31:11","slug":"lallemagne-et-la-suede-qualifies-le-danemark-et-la-pologne-a-la-porte","status":"publish","type":"post","link":"https:\/\/www.europesays.com\/fr\/236087\/","title":{"rendered":"l&rsquo;Allemagne et la Su\u00e8de qualifi\u00e9s, le Danemark et la Pologne \u00e0 la porte"},"content":{"rendered":"<p>Zapping Foot National \u00c0 la 93, le film <\/p>\n<p>Le groupe C a rendu son verdict. Ce mardi, l\u2019Allemagne puis la Su\u00e8de ont assur\u00e9 leur place en quart de finale de l\u2019Euro 2025 f\u00e9minin gr\u00e2ce \u00e0 leur deuxi\u00e8me victoire cons\u00e9cutive dans la phase de groupes. \u00c0 l\u2019inverse, le Danemark et la Pologne, deux fois battus, sont \u00e9limin\u00e9s avant m\u00eame la derni\u00e8re journ\u00e9e. En d\u00e9but de soir\u00e9e \u00e0 B\u00e2le, les vice-championnes d&rsquo;Europe allemandes ont sign\u00e9 un succ\u00e8s solide contre le Danemark (2-1), apr\u00e8s avoir pourtant conc\u00e9d\u00e9 l\u2019ouverture du score par Amalie Vangsgaard (26e). Dominateures mais longtemps malchanceuses \u2014 avec notamment un but refus\u00e9 et un penalty annul\u00e9 par la VAR \u2014 les joueuses de Christian W\u00fcck ont invers\u00e9 la tendance gr\u00e2ce \u00e0 un penalty de Sjoeke N\u00fcsken (56e) puis un but opportuniste de Lea Sch\u00fcller (66e). Ce deuxi\u00e8me succ\u00e8s en deux matchs leur ouvrait d\u00e9j\u00e0 grand la porte des quarts.<\/p>\n<p>La Su\u00e8de d\u00e9roule et prend la t\u00eate<\/p>\n<p>Quelques heures plus tard, la Su\u00e8de a confirm\u00e9 son excellent d\u00e9but de tournoi en \u00e9crasant la Pologne (3-0). Stina Blackstenius a lanc\u00e9 les siennes d\u00e8s la 28e minute, avant que Kosovare Asllani (52e) puis Lina Hurtig (77e) n\u2019enfoncent le clou dans une rencontre parfaitement ma\u00eetris\u00e9e. Avec six points et une meilleure diff\u00e9rence de buts que l\u2019Allemagne, les Scandinaves prennent la t\u00eate du groupe. D\u00e9j\u00e0 qualifi\u00e9es, Su\u00e8de et Allemagne se retrouveront samedi 12 juillet \u00e0 21h pour d\u00e9terminer qui terminera en t\u00eate du groupe C. Un duel \u00e0 enjeu, puisque la premi\u00e8re place offrira, en th\u00e9orie, un quart de finale plus abordable. Ce match int\u00e9ressera aussi de pr\u00e8s l\u2019\u00e9quipe de France, qui croisera avec ce groupe lors de la phase \u00e0 \u00e9limination directe. Danemark et Pologne, de leur c\u00f4t\u00e9, s\u2019affronteront pour l\u2019honneur.<\/p>\n<p><a href=\"https:\/\/www.foot-national.com\/euro\/euro-2025-f-le-calendrier-complet-de-la-competition-900523\" rel=\"nofollow noopener\" target=\"_blank\">Euro 2025 (F) : le calendrier complet de la comp\u00e9tition<\/a><\/p>\n<p>Partagez cette info avec vos amis et vos proches en cliquant ici<br \/>Euro 2025 (F) : l&rsquo;Allemagne et la Su\u00e8de qualifi\u00e9s, le Danemark et la Pologne \u00e0 la porte<\/p>\n<p>Les deux favorites du groupe C ont valid\u00e9 leur qualification pour les quarts de finale ce mardi 8 juillet. Elles s\u2019affronteront samedi pour la premi\u00e8re place, pendant que la France observera avec attention.<\/p>\n<p> <img decoding=\"async\" width=\"76\" height=\"76\" loading=\"lazy\" src=\"https:\/\/static.wui.fr\/images_v3\/avatar-footnational.png\" alt=\"Matias Archambeau\"\/><\/p>\n","protected":false},"excerpt":{"rendered":"Zapping Foot National \u00c0 la 93, le film Le groupe C a rendu son verdict. Ce mardi, l\u2019Allemagne&hellip;\n","protected":false},"author":2,"featured_media":236088,"comment_status":"","ping_status":"","sticky":false,"template":"","format":"standard","meta":{"footnotes":""},"categories":[1587],"tags":[11,672,1804,1805,1803,1777,674,1801,12,1802],"class_list":{"0":"post-236087","1":"post","2":"type-post","3":"status-publish","4":"format-standard","5":"has-post-thumbnail","7":"category-allemagne","8":"tag-actualites","9":"tag-allemagne","10":"tag-bundesrepublik-deutschland","11":"tag-de","12":"tag-deutschland","13":"tag-eu","14":"tag-europe","15":"tag-germany","16":"tag-news","17":"tag-republique-federale-dallemagne"},"share_on_mastodon":{"url":"https:\/\/pubeurope.com\/@fr\/114819752787448362","error":""},"_links":{"self":[{"href":"https:\/\/www.europesays.com\/fr\/wp-json\/wp\/v2\/posts\/236087","targetHints":{"allow":["GET"]}}],"collection":[{"href":"https:\/\/www.europesays.com\/fr\/wp-json\/wp\/v2\/posts"}],"about":[{"href":"https:\/\/www.europesays.com\/fr\/wp-json\/wp\/v2\/types\/post"}],"author":[{"embeddable":true,"href":"https:\/\/www.europesays.com\/fr\/wp-json\/wp\/v2\/users\/2"}],"replies":[{"embeddable":true,"href":"https:\/\/www.europesays.com\/fr\/wp-json\/wp\/v2\/comments?post=236087"}],"version-history":[{"count":0,"href":"https:\/\/www.europesays.com\/fr\/wp-json\/wp\/v2\/posts\/236087\/revisions"}],"wp:featuredmedia":[{"embeddable":true,"href":"https:\/\/www.europesays.com\/fr\/wp-json\/wp\/v2\/media\/236088"}],"wp:attachment":[{"href":"https:\/\/www.europesays.com\/fr\/wp-json\/wp\/v2\/media?parent=236087"}],"wp:term":[{"taxonomy":"category","embeddable":true,"href":"https:\/\/www.europesays.com\/fr\/wp-json\/wp\/v2\/categories?post=236087"},{"taxonomy":"post_tag","embeddable":true,"href":"https:\/\/www.europesays.com\/fr\/wp-json\/wp\/v2\/tags?post=236087"}],"curies":[{"name":"wp","href":"https:\/\/api.w.org\/{rel}","templated":true}]}}