{"id":236093,"date":"2025-07-08T21:34:13","date_gmt":"2025-07-08T21:34:13","guid":{"rendered":"https:\/\/www.europesays.com\/fr\/236093\/"},"modified":"2025-07-08T21:34:13","modified_gmt":"2025-07-08T21:34:13","slug":"voici-les-cadeaux-offerts-par-les-macron-a-charles-iii-et-camilla-pour-leur-visite-detat","status":"publish","type":"post","link":"https:\/\/www.europesays.com\/fr\/236093\/","title":{"rendered":"Voici les cadeaux offerts par les Macron \u00e0 Charles III et Camilla pour leur visite d\u2019Etat"},"content":{"rendered":"<p>Le pr\u00e9sident fran\u00e7ais <a href=\"https:\/\/www.20minutes.fr\/politique\/emmanuel-macron\/\" class=\"color-ultramarine c-link\" target=\"_blank\" rel=\"noopener\">Emmanuel Macron<\/a> et son \u00e9pouse Brigitte ont \u00e9t\u00e9 accueillis mardi en grande pompe par le roi <a href=\"https:\/\/www.20minutes.fr\/dossier\/prince_charles\" class=\"color-ultramarine c-link\" target=\"_blank\" rel=\"noopener\">Charles III<\/a> et la reine Camilla <a href=\"https:\/\/www.20minutes.fr\/monde\/royaume-uni\/4162488-20250708-royaume-uni-programme-visite-officielle-emmanuel-brigitte-macron\" class=\"color-ultramarine c-link\" target=\"_blank\" rel=\"noopener\">au d\u00e9but de leur visite d\u2019Etat au Royaume-Uni<\/a>, la premi\u00e8re d\u2019un dirigeant europ\u00e9en depuis le Brexit. Et le couple pr\u00e9sidentiel n\u2019est pas venu les mains vides.<\/p>\n<\/p>\n<p>D\u2019apr\u00e8s les informations de <a href=\"https:\/\/www.rtl.fr\/actu\/politique\/info-rtl-opera-trompette-et-aquarelle-la-liste-des-cadeaux-offerts-par-emmanuel-macron-au-roi-charles-iii-7900522200\" rel=\"nofollow noopener\" target=\"_blank\" class=\"color-ultramarine c-link\">RTL<\/a>, Emmanuel Macron va lors de cette visite offrir au roi Charles III la partition de l\u2019unique op\u00e9ra de Claude Debussy, Pell\u00e9as et M\u00e9lisande. Ce pr\u00e9sent a \u00e9t\u00e9 soigneusement choisi parce que le roi est un passionn\u00e9 de musique. Il recevra \u00e9galement une trompette de la Garde r\u00e9publicaine. L\u2019instrument est \u00ab\u00a0un symbole d\u2019autorit\u00e9 et de tradition militaire\u00a0\u00bb, souligne l\u2019\u00c9lys\u00e9e, cit\u00e9 par le m\u00e9dia. La trompette est \u00e9galement orn\u00e9e d\u2019une flamme, qui illustre \u00ab\u00a0la ferveur et la loyaut\u00e9\u00a0\u00bb.<\/p>\n<p>Un panier gourmet de le marque de l\u2019Elys\u00e9e<\/p>\n<p>Emmanuel Macron offrira \u00e9galement un coffre en bois d\u2019Aquarelle Sennelier, symbole \u00ab\u00a0des savoir-faire artisanaux fran\u00e7ais\u00a0\u00bb, avec la mention grav\u00e9e\u00a0: \u00ab\u00a0Offert \u00e0 sa Majest\u00e9 le Roi Charles III par Monsieur Emmanuel Macron, Pr\u00e9sident de la R\u00e9publique fran\u00e7aise\u00a0\u00bb.<\/p>\n<p>Pourquoi ce cadeau\u00a0? Pour permettre au roi Charles III \u00ab\u00a0de continuer de peindre les grands monuments britanniques qu\u2019ils dessinent depuis plus de cinquante ans \u00e0 travers ses aquarelles\u00a0\u00bb, indique encore l\u2019Elys\u00e9e.<\/p>\n<p><a href=\"https:\/\/www.20minutes.fr\/dossier\/prince_charles\" class=\"c-link c-btn c-btn--primary\" target=\"_blank\" rel=\"noopener\">Notre dossier sur le roi Charles III<\/a><\/p>\n<p>Enfin, le couple royal recevra du couple pr\u00e9sidentiel un panier gourmet, avec une s\u00e9lection de produits artisanaux fabriqu\u00e9s en France, de la marque de l\u2019Elys\u00e9e.<\/p>\n","protected":false},"excerpt":{"rendered":"Le pr\u00e9sident fran\u00e7ais Emmanuel Macron et son \u00e9pouse Brigitte ont \u00e9t\u00e9 accueillis mardi en grande pompe par le&hellip;\n","protected":false},"author":2,"featured_media":236094,"comment_status":"","ping_status":"","sticky":false,"template":"","format":"standard","meta":{"footnotes":""},"categories":[2],"tags":[47,11,4708,1353,986,581,4527,1073,1011,27,12,316,4919,12483,25,553,473],"class_list":{"0":"post-236093","1":"post","2":"type-post","3":"status-publish","4":"format-standard","5":"has-post-thumbnail","7":"category-actualites","8":"tag-actualite","9":"tag-actualites","10":"tag-angleterre","11":"tag-brexit","12":"tag-brigitte-macron","13":"tag-charles-iii","14":"tag-elysee","15":"tag-emmanuel-macron","16":"tag-fr","17":"tag-france","18":"tag-news","19":"tag-politique","20":"tag-president","21":"tag-reine","22":"tag-republique-francaise","23":"tag-roi","24":"tag-royaume-uni"},"share_on_mastodon":{"url":"https:\/\/pubeurope.com\/@fr\/114819764355368161","error":""},"_links":{"self":[{"href":"https:\/\/www.europesays.com\/fr\/wp-json\/wp\/v2\/posts\/236093","targetHints":{"allow":["GET"]}}],"collection":[{"href":"https:\/\/www.europesays.com\/fr\/wp-json\/wp\/v2\/posts"}],"about":[{"href":"https:\/\/www.europesays.com\/fr\/wp-json\/wp\/v2\/types\/post"}],"author":[{"embeddable":true,"href":"https:\/\/www.europesays.com\/fr\/wp-json\/wp\/v2\/users\/2"}],"replies":[{"embeddable":true,"href":"https:\/\/www.europesays.com\/fr\/wp-json\/wp\/v2\/comments?post=236093"}],"version-history":[{"count":0,"href":"https:\/\/www.europesays.com\/fr\/wp-json\/wp\/v2\/posts\/236093\/revisions"}],"wp:featuredmedia":[{"embeddable":true,"href":"https:\/\/www.europesays.com\/fr\/wp-json\/wp\/v2\/media\/236094"}],"wp:attachment":[{"href":"https:\/\/www.europesays.com\/fr\/wp-json\/wp\/v2\/media?parent=236093"}],"wp:term":[{"taxonomy":"category","embeddable":true,"href":"https:\/\/www.europesays.com\/fr\/wp-json\/wp\/v2\/categories?post=236093"},{"taxonomy":"post_tag","embeddable":true,"href":"https:\/\/www.europesays.com\/fr\/wp-json\/wp\/v2\/tags?post=236093"}],"curies":[{"name":"wp","href":"https:\/\/api.w.org\/{rel}","templated":true}]}}