{"id":236095,"date":"2025-07-08T21:35:14","date_gmt":"2025-07-08T21:35:14","guid":{"rendered":"https:\/\/www.europesays.com\/fr\/236095\/"},"modified":"2025-07-08T21:35:14","modified_gmt":"2025-07-08T21:35:14","slug":"marine-le-pen-appelle-la-cedh-a-la-rescousse-pour-faire-lever-la-mesure-dexecution-provisoire","status":"publish","type":"post","link":"https:\/\/www.europesays.com\/fr\/236095\/","title":{"rendered":"Marine Le\u00a0Pen appelle la CEDH \u00e0 la rescousse pour faire lever la mesure d\u2019ex\u00e9cution provisoire"},"content":{"rendered":"<p>        <img decoding=\"async\" loading=\"lazy\" src=\"https:\/\/www.europesays.com\/fr\/wp-content\/uploads\/2025\/07\/b3273f9_sirius-fs-upload-1-jtutif8acso5-1744703002547-000-39jb3t2.jpg\"  width=\"728\" height=\"409\" alt=\"Marine Le Pen, ici photographi\u00e9e \u00e0 l\u2019Assembl\u00e9e nationale le 8\u00a0avril 2025.\"\/>  <\/p>\n<p>THOMAS SAMSON \/ AFP<\/p>\n<p>Marine Le Pen, ici photographi\u00e9e \u00e0 l\u2019Assembl\u00e9e nationale le 8\u00a0avril 2025.<\/p>\n<p class=\"asset asset-text\">POLITIQUE &#8211; Menace mise \u00e0 ex\u00e9cution. Quelques mois apr\u00e8s <a href=\"https:\/\/www.huffingtonpost.fr\/politique\/article\/proces-de-marine-le-pen-le-deni-de-democratie-c-est-le-detournement-de-fonds-publics-tribune_248671.html\" target=\"_blank\" rel=\"noopener\" title=\"Nouvelle fen\u00eatre\">le jugement<\/a> rendu en premi\u00e8re instance dans l\u2019affaire des assistants parlementaires europ\u00e9ens du RN, <a href=\"https:\/\/www.huffingtonpost.fr\/politique\/article\/marine-le-pen-a-integre-l-hypothese-de-ne-pas-pouvoir-se-representer-a-la-presidentielle_251813.html\" target=\"_blank\" rel=\"noopener\" title=\"Nouvelle fen\u00eatre\">Marine Le\u00a0Pen<\/a> contre-attaque. \u00ab\u00a0Je vais utiliser toutes les voies de recours possibles\u00a0\u00bb, pr\u00e9venait-elle d\u00e9j\u00e0 <a href=\"https:\/\/www.leparisien.fr\/politique\/marine-le-pen-je-ne-me-laisserai-pas-faire-01-04-2025-EKQB5CF42JFUNCCZHVQUFT75Y4.php\" target=\"_blank\" rel=\"noopener\" title=\"Nouvelle fen\u00eatre\">dans les colonnes du Parisien d\u00e9but avril<\/a>.<\/p>\n<p class=\"asset asset-text\">Condamn\u00e9e fin mars \u00e0 cinq ans d\u2019in\u00e9ligibilit\u00e9 avec ex\u00e9cution provisoire par le tribunal correctionnel de Paris, Marine Le\u00a0Pen a fait appel et attend aujourd\u2019hui le proc\u00e8s qui doit se tenir courant 2026. Mais la peine \u00e9tant assortie d\u2019une mesure d\u2019ex\u00e9cution provisoire, la d\u00e9put\u00e9e est d\u2019ores et d\u00e9j\u00e0 in\u00e9ligible \u00e0 toute \u00e9lection nationale qui se tiendrait d\u2019ici l\u00e0.<\/p>\n<p class=\"asset asset-text\">C\u2019est donc au moment o\u00f9 Emmanuel Macron retrouve son pouvoir de dissoudre l\u2019Assembl\u00e9e nationale pour convoquer de nouvelles \u00e9lections l\u00e9gislatives que Marine Le\u00a0Pen a d\u00e9cid\u00e9 d\u2019abattre l\u2019une de ses derni\u00e8res cartes. Sans recours possible au niveau national, la d\u00e9put\u00e9e s\u2019est tourn\u00e9e vers la Cour europ\u00e9enne des droits de l\u2019Homme (CEDH).<\/p>\n<p class=\"asset asset-text\">La pr\u00e9sidente du groupe RN \u00e0 l\u2019Assembl\u00e9e nationale a en effet transmis ce mardi 8\u00a0juillet \u00e0 la CEDH une premi\u00e8re requ\u00eate \u00ab\u00a0demandant la lev\u00e9e en urgence de la mesure d\u2019ex\u00e9cution provisoire de la peine d\u2019in\u00e9ligibilit\u00e9 prononc\u00e9e par le tribunal correctionnel de Paris le 31\u00a0mars\u00a02025\u00a0\u00bb, selon un communiqu\u00e9.<\/p>\n<p>                     Un pr\u00e9c\u00e9dent qui ne joue pas en sa faveur    <\/p>\n<p class=\"asset asset-text\">Marine Le\u00a0Pen lui demande aussi de \u00ab\u00a0constater la violation des droits garantis par la Convention europ\u00e9enne de sauvegarde des droits de l\u2019Homme\u00a0\u00bb, estimant que l\u2019ex\u00e9cution provisoire constitue un \u00ab\u00a0risque d\u2019atteinte majeure et irr\u00e9m\u00e9diable \u00e0 ses droits et \u00e0 ceux des \u00e9lecteurs\u00a0\u00bb.<\/p>\n<p class=\"asset asset-text\">Ironie du sort, la candidate \u00e0 la pr\u00e9sidence de la R\u00e9publique a longtemps d\u00e9nigr\u00e9 cette instance, charg\u00e9e de faire respecter les droits garantis par la Convention de 1950. Marine Le\u00a0Pen a tr\u00e8s souvent point\u00e9 du doigt la CEDH, estimant par exemple en f\u00e9vrier\u00a02018\u00a0qu\u2019elle constituait une \u00ab\u00a0atteinte \u00e0 la souverainet\u00e9 de la France\u00a0\u00bb ou encore qu\u2019elle \u00e9tait \u00ab\u00a0un organe politique (&#8230;) gris\u00e9 par son propre pouvoir\u00a0\u00bb. Jusqu\u2019en 2021, l\u2019ancienne pr\u00e9sidente du Rassemblement national appelait m\u00eame la France \u00e0 sortir de la CEDH, avant d\u2019abandonner cette id\u00e9e en 2022.<\/p>\n<p class=\"asset asset-text\">Quelle que soit la contradiction de cette requ\u00eate, tout porte \u00e0 croire qu\u2019elle a tr\u00e8s peu de chance d\u2019aboutir. Comme l\u2019explique <a href=\"https:\/\/lessurligneurs.eu\/condamnation-de-marine-le-pen-les-recours-au-conseil-constitutionnel-et-a-la-cedh-peuvent-ils-la-sauver\/\" target=\"_blank\" rel=\"noopener\" title=\"Nouvelle fen\u00eatre\">un article du m\u00e9dia de fact-checking Les Surligneurs<\/a>, la Cour a d\u00e9j\u00e0 \u00ab\u00a0statu\u00e9 en 2021 que l\u2019in\u00e9ligibilit\u00e9 n\u2019est pas disproportionn\u00e9e au regard du but poursuivi par les autorit\u00e9s nationales\u00a0\u00bb. Un pr\u00e9c\u00e9dent qui concernait alors l\u2019impossibilit\u00e9 pour un candidat italien de se pr\u00e9senter aux \u00e9lections r\u00e9gionales en 2013, et qui ne devrait pas jouer en faveur de Marine Le\u00a0Pen.<\/p>\n<p class=\"asset asset-text\">Avant la prochaine \u00e9lection pr\u00e9sidentielle, il lui reste encore la possibilit\u00e9 de saisir le Conseil constitutionnel. Avec, l\u00e0 encore, des chances tr\u00e8s minces d\u2019obtenir gain de cause, tant le temps presse.<\/p>\n","protected":false},"excerpt":{"rendered":"THOMAS SAMSON \/ AFP Marine Le Pen, ici photographi\u00e9e \u00e0 l\u2019Assembl\u00e9e nationale le 8\u00a0avril 2025. POLITIQUE &#8211; Menace&hellip;\n","protected":false},"author":2,"featured_media":236096,"comment_status":"","ping_status":"","sticky":false,"template":"","format":"standard","meta":{"footnotes":""},"categories":[2],"tags":[11,14124,1011,27,303,430,12,316,1078,25],"class_list":{"0":"post-236095","1":"post","2":"type-post","3":"status-publish","4":"format-standard","5":"has-post-thumbnail","7":"category-actualites","8":"tag-actualites","9":"tag-cedh","10":"tag-fr","11":"tag-france","12":"tag-justice","13":"tag-marine-le-pen","14":"tag-news","15":"tag-politique","16":"tag-rassemblement-national","17":"tag-republique-francaise"},"share_on_mastodon":{"url":"https:\/\/pubeurope.com\/@fr\/114819768477004929","error":""},"_links":{"self":[{"href":"https:\/\/www.europesays.com\/fr\/wp-json\/wp\/v2\/posts\/236095","targetHints":{"allow":["GET"]}}],"collection":[{"href":"https:\/\/www.europesays.com\/fr\/wp-json\/wp\/v2\/posts"}],"about":[{"href":"https:\/\/www.europesays.com\/fr\/wp-json\/wp\/v2\/types\/post"}],"author":[{"embeddable":true,"href":"https:\/\/www.europesays.com\/fr\/wp-json\/wp\/v2\/users\/2"}],"replies":[{"embeddable":true,"href":"https:\/\/www.europesays.com\/fr\/wp-json\/wp\/v2\/comments?post=236095"}],"version-history":[{"count":0,"href":"https:\/\/www.europesays.com\/fr\/wp-json\/wp\/v2\/posts\/236095\/revisions"}],"wp:featuredmedia":[{"embeddable":true,"href":"https:\/\/www.europesays.com\/fr\/wp-json\/wp\/v2\/media\/236096"}],"wp:attachment":[{"href":"https:\/\/www.europesays.com\/fr\/wp-json\/wp\/v2\/media?parent=236095"}],"wp:term":[{"taxonomy":"category","embeddable":true,"href":"https:\/\/www.europesays.com\/fr\/wp-json\/wp\/v2\/categories?post=236095"},{"taxonomy":"post_tag","embeddable":true,"href":"https:\/\/www.europesays.com\/fr\/wp-json\/wp\/v2\/tags?post=236095"}],"curies":[{"name":"wp","href":"https:\/\/api.w.org\/{rel}","templated":true}]}}