{"id":236104,"date":"2025-07-08T21:42:09","date_gmt":"2025-07-08T21:42:09","guid":{"rendered":"https:\/\/www.europesays.com\/fr\/236104\/"},"modified":"2025-07-08T21:42:09","modified_gmt":"2025-07-08T21:42:09","slug":"un-retour-chez-honda-au-sachsenring","status":"publish","type":"post","link":"https:\/\/www.europesays.com\/fr\/236104\/","title":{"rendered":"Un retour chez Honda au Sachsenring !"},"content":{"rendered":"<p>&#13;<\/p>\n<p><strong>Forfait au Mugello et \u00e0 Assen apr\u00e8s s&rsquo;\u00eatre bless\u00e9 lors d&rsquo;un test \u00e0 Suzuka, Luca Marini sera au Sachsenring pour le Grand Prix d&rsquo;Allemagne ce week-end.<\/strong><\/p>\n<p><strong>Luca Marini : <\/strong>\u00ab Je suis vraiment heureux d&rsquo;\u00eatre de retour, de pouvoir reprendre la moto, de revoir toute l&rsquo;\u00e9quipe et de continuer \u00e0 travailler sur ce projet. Le test que nous avons fait \u00e0 Brno la semaine derni\u00e8re \u00e9tait bon et j&rsquo;ai pu bien \u00e9valuer ma condition physique. Ce n&rsquo;est pas parfait pour le moment, mais le meilleur moyen de progresser est de rouler. Bien s\u00fbr, ce serait formidable de retrouver directement la vitesse, mais ce week-end est surtout consacr\u00e9 \u00e0 retrouver le rythme pour bien terminer la saison. \u00bb<\/p>\n<p><strong>Joan Mir : <\/strong>\u00ab Je suis compl\u00e8tement remis de ma chute \u00e0 Assen et j&rsquo;ai pass\u00e9 la semaine \u00e0 m&rsquo;entra\u00eener en salle, \u00e0 v\u00e9lo et en motocross. Maintenant, on laisse la chute d&rsquo;Assen derri\u00e8re nous et on se concentre sur les week-ends au Sachsenring et \u00e0 Brno, surtout que le Sachsenring est un circuit tr\u00e8s diff\u00e9rent du Mugello et d&rsquo;Assen. Il y a de la vitesse, de la technique et l&rsquo;adh\u00e9rence sur les flancs des pneus. On va voir comment sont nos performances et si on peut se battre \u00e0 nouveau pour le top 10 \u00e0 chaque s\u00e9ance. \u00bb<\/p>\n<p>&#13;<br \/>\n           &#13;<br \/>\n&#13;<br \/>\n    &#13;<br \/>\n    &#13;<\/p>\n","protected":false},"excerpt":{"rendered":"&#13; Forfait au Mugello et \u00e0 Assen apr\u00e8s s&rsquo;\u00eatre bless\u00e9 lors d&rsquo;un test \u00e0 Suzuka, Luca Marini sera&hellip;\n","protected":false},"author":2,"featured_media":236105,"comment_status":"","ping_status":"","sticky":false,"template":"","format":"standard","meta":{"footnotes":""},"categories":[1413],"tags":[1011,27,1457,1456,60],"class_list":{"0":"post-236104","1":"post","2":"type-post","3":"status-publish","4":"format-standard","5":"has-post-thumbnail","7":"category-moto","8":"tag-fr","9":"tag-france","10":"tag-moto","11":"tag-motocycle","12":"tag-sports"},"share_on_mastodon":{"url":"https:\/\/pubeurope.com\/@fr\/114819796091945945","error":""},"_links":{"self":[{"href":"https:\/\/www.europesays.com\/fr\/wp-json\/wp\/v2\/posts\/236104","targetHints":{"allow":["GET"]}}],"collection":[{"href":"https:\/\/www.europesays.com\/fr\/wp-json\/wp\/v2\/posts"}],"about":[{"href":"https:\/\/www.europesays.com\/fr\/wp-json\/wp\/v2\/types\/post"}],"author":[{"embeddable":true,"href":"https:\/\/www.europesays.com\/fr\/wp-json\/wp\/v2\/users\/2"}],"replies":[{"embeddable":true,"href":"https:\/\/www.europesays.com\/fr\/wp-json\/wp\/v2\/comments?post=236104"}],"version-history":[{"count":0,"href":"https:\/\/www.europesays.com\/fr\/wp-json\/wp\/v2\/posts\/236104\/revisions"}],"wp:featuredmedia":[{"embeddable":true,"href":"https:\/\/www.europesays.com\/fr\/wp-json\/wp\/v2\/media\/236105"}],"wp:attachment":[{"href":"https:\/\/www.europesays.com\/fr\/wp-json\/wp\/v2\/media?parent=236104"}],"wp:term":[{"taxonomy":"category","embeddable":true,"href":"https:\/\/www.europesays.com\/fr\/wp-json\/wp\/v2\/categories?post=236104"},{"taxonomy":"post_tag","embeddable":true,"href":"https:\/\/www.europesays.com\/fr\/wp-json\/wp\/v2\/tags?post=236104"}],"curies":[{"name":"wp","href":"https:\/\/api.w.org\/{rel}","templated":true}]}}