{"id":236108,"date":"2025-07-08T21:45:16","date_gmt":"2025-07-08T21:45:16","guid":{"rendered":"https:\/\/www.europesays.com\/fr\/236108\/"},"modified":"2025-07-08T21:45:16","modified_gmt":"2025-07-08T21:45:16","slug":"le-voyage-farfelu-de-la-famille-beraldo-jusqua-new-york","status":"publish","type":"post","link":"https:\/\/www.europesays.com\/fr\/236108\/","title":{"rendered":"Le voyage farfelu de la famille Beraldo jusqu&rsquo;\u00e0 New York"},"content":{"rendered":"<p><img width=\"700\" height=\"350\" src=\"https:\/\/www.europesays.com\/fr\/wp-content\/uploads\/2025\/04\/Beraldo.jpg\" class=\"attachment-jannah-image-post size-jannah-image-post wp-post-image\" alt=\"Beraldo\" is_main_img=\"1\" decoding=\"async\" fetchpriority=\"high\"  \/><br \/>\n Image :<br \/>\nPSG.fr<\/p>\n<p>Demain soir (21 heures, DAZN), le PSG affronte le Real<br \/>\nMadrid en demi-finale de la Coupe du monde des clubs. Le p\u00e8re et la<br \/>\nfemme de Lucas Beraldo ont eu un voyage rocambolesque pour rallier<br \/>\nNew York.\u00a0<\/p>\n<p>Le <strong>PSG<\/strong> affronte le <strong>Real Madrid<\/strong><br \/>\nen demi-finale de la <strong>Coupe du monde des clubs<\/strong><br \/>\ndemain soir. Les Parisiens tenteront de se d\u00e9faire des Madril\u00e8nes<br \/>\nafin de rallier la finale. Pour cette rencontre, <strong><a href=\"https:\/\/canal-supporters.com\/quand-lucas-beraldo-etait-dans-les-tribunes-du-parc-cinq-ans-avant-sa-signature-au-psg\/\" title=\"\" target=\"_blank\" rel=\"noopener\">Lucas Beraldo<\/a><\/strong> devrait \u00eatre titulaire au c\u00f4t\u00e9<br \/>\nde <strong>Marquinhos<\/strong> en d\u00e9fense, <strong>Willian<br \/>\nPacho<\/strong> et <strong>Lucas Hernandez<\/strong> \u00e9tant <a href=\"https:\/\/canal-supporters.com\/fin-de-coupe-du-monde-des-clubs-pour-pacho-et-hernandez\/\" title=\"\" target=\"_blank\" rel=\"noopener\">suspendus<\/a> pour cette rencontre. L\u2019international<br \/>\nbr\u00e9silien pourra compter sur le soutien de ses proches dans les<br \/>\ntribunes du <strong>MetLife Stadium<\/strong>. Mais ces derniers ont<br \/>\nv\u00e9cu une dr\u00f4le de m\u00e9saventure au moment de rallier <strong>New<br \/>\nYork<\/strong>.\u00a0<\/p>\n<p>A voir aussi :<a href=\"https:\/\/canal-supporters.com\/psg-lucas-beraldo-evoque-ses-modeles-dans-le-football\/\" title=\"\" target=\"_blank\" rel=\"noopener\">PSG \u2013 Lucas Beraldo \u00e9voque ses mod\u00e8les dans le<br \/>\nfootball<\/a><\/p>\n<p><a href=\"https:\/\/x.com\/CanalSupporters\" target=\"_blank\" rel=\"noopener\" title=\"\">canalsupporters.com<\/a><\/p>\n<p>Un trajet de 391<br \/>\nkm en voiture<\/p>\n<p>Comme le rapporte <a href=\"https:\/\/ge.globo.com\/futebol\/times\/fluminense\/noticia\/2025\/07\/07\/apos-perda-de-voo-torcedores-do-fluminense-dao-carona-para-nova-york-a-familia-de-beraldo-zagueiro-do-psg.ghtml?utm_source=Twitter&amp;utm_medium=Social&amp;utm_content=Esporte&amp;utm_campaign=globoEsporte\" target=\"_blank\" rel=\"noopener\" title=\"\">Globo Esporte<\/a>,<br \/>\n<strong>Andr\u00e9 Beraldo<\/strong> et <strong>Rafaela Albino<\/strong>,<br \/>\nle p\u00e8re et la femme du num\u00e9ro 4 du <strong>PSG<\/strong> ont d\u00e9coll\u00e9<br \/>\navec trois heures de retard de <strong>Sao Paulo<\/strong> vers<br \/>\n<strong>Washington<\/strong>, o\u00f9 ils ont manqu\u00e9 leur correspondance<br \/>\npour <strong>New York<\/strong>. Mais ils ne sont pas les seuls \u00e0<br \/>\navoir fait les frais du retard de leur avion. Trois autres<br \/>\nvoyageurs, supporters de <strong>Fluminense<\/strong>, voulaient<br \/>\naussi se rendre dans la m\u00e9galopole am\u00e9ricaine pour assister \u00e0<br \/>\nl\u2019autre demi-finale entre leur \u00e9quipe et <strong>Chelsea<\/strong>,<br \/>\nce mardi (21 heures, DAZN). Au comptoir du service client<br \/>\nde la compagnie a\u00e9rienne, le trio a rencontr\u00e9 les proches du<br \/>\nd\u00e9fenseur parisien, en qu\u00eate d\u2019un plan B pour se rendre \u00e0<br \/>\n<strong>New York<\/strong>, indique le m\u00e9dia br\u00e9silien. Les cinq<br \/>\npersonnes ont alors quitt\u00e9 <strong>Washington<\/strong> \u00e0 bord de la<br \/>\nm\u00eame voiture de location pour un voyage de 391 km et d\u2019une dur\u00e9e de<br \/>\npr\u00e8s de quatre heures en direction de <strong>New York<\/strong>.<br \/>\nIls sont arriv\u00e9s lundi \u00e0 22 heures (heure locale), conclut<br \/>\nGlobo Esporte.\u00a0<\/p><\/p>\n","protected":false},"excerpt":{"rendered":"Image : PSG.fr Demain soir (21 heures, DAZN), le PSG affronte le Real Madrid en demi-finale de la&hellip;\n","protected":false},"author":2,"featured_media":1051,"comment_status":"","ping_status":"","sticky":false,"template":"","format":"standard","meta":{"footnotes":""},"categories":[1410],"tags":[37497,785,81,37498,7151,787,37499,37500,37501,63,1011,27,790,415,626,91,92,37502,93,37503,60],"class_list":{"0":"post-236108","1":"post","2":"type-post","3":"status-publish","4":"format-standard","5":"has-post-thumbnail","7":"category-football","8":"tag-andre-beraldo","9":"tag-beraldo","10":"tag-canal-supporters","11":"tag-cdm","12":"tag-coupe-du-monde-des-clubs","13":"tag-cs","14":"tag-famille-beraldo","15":"tag-famille-lucas-beraldo","16":"tag-femme-de-lucas-beraldo","17":"tag-football","18":"tag-fr","19":"tag-france","20":"tag-lucas-beraldo","21":"tag-new-york","22":"tag-paris","23":"tag-paris-saint-germain","24":"tag-paris-sg","25":"tag-pere-de-lucas-beraldo","26":"tag-psg","27":"tag-rafaela-albino","28":"tag-sports"},"share_on_mastodon":{"url":"https:\/\/pubeurope.com\/@fr\/114819807566296518","error":""},"_links":{"self":[{"href":"https:\/\/www.europesays.com\/fr\/wp-json\/wp\/v2\/posts\/236108","targetHints":{"allow":["GET"]}}],"collection":[{"href":"https:\/\/www.europesays.com\/fr\/wp-json\/wp\/v2\/posts"}],"about":[{"href":"https:\/\/www.europesays.com\/fr\/wp-json\/wp\/v2\/types\/post"}],"author":[{"embeddable":true,"href":"https:\/\/www.europesays.com\/fr\/wp-json\/wp\/v2\/users\/2"}],"replies":[{"embeddable":true,"href":"https:\/\/www.europesays.com\/fr\/wp-json\/wp\/v2\/comments?post=236108"}],"version-history":[{"count":0,"href":"https:\/\/www.europesays.com\/fr\/wp-json\/wp\/v2\/posts\/236108\/revisions"}],"wp:featuredmedia":[{"embeddable":true,"href":"https:\/\/www.europesays.com\/fr\/wp-json\/wp\/v2\/media\/1051"}],"wp:attachment":[{"href":"https:\/\/www.europesays.com\/fr\/wp-json\/wp\/v2\/media?parent=236108"}],"wp:term":[{"taxonomy":"category","embeddable":true,"href":"https:\/\/www.europesays.com\/fr\/wp-json\/wp\/v2\/categories?post=236108"},{"taxonomy":"post_tag","embeddable":true,"href":"https:\/\/www.europesays.com\/fr\/wp-json\/wp\/v2\/tags?post=236108"}],"curies":[{"name":"wp","href":"https:\/\/api.w.org\/{rel}","templated":true}]}}