{"id":236109,"date":"2025-07-08T21:46:20","date_gmt":"2025-07-08T21:46:20","guid":{"rendered":"https:\/\/www.europesays.com\/fr\/236109\/"},"modified":"2025-07-08T21:46:20","modified_gmt":"2025-07-08T21:46:20","slug":"kate-middleton-et-le-prince-william-accueillent-le-couple-macron-a-windsor-la-princesse-de-galles-attire-tous-les-regards-photos","status":"publish","type":"post","link":"https:\/\/www.europesays.com\/fr\/236109\/","title":{"rendered":"Kate Middleton et le prince William accueillent le couple Macron \u00e0 Windsor, la princesse de Galles attire tous les regards ! (PHOTOS)"},"content":{"rendered":"<p>Emmanuel et Brigitte Macron sont en visite d&rsquo;\u00c9tat au Royaume-Uni, ce mardi 8 juillet. Le couple pr\u00e9sidentiel a \u00e9t\u00e9 accueilli en grande pompe \u00e0 Windsor, par Kate Middleton et le prince William. <\/p>\n<p>Un accueil spectaculaire&#8230; Ce mardi 8 juillet, <a href=\"https:\/\/www.programme-tv.net\/news\/people\/380614-vincent-cassel-et-sa-compagne-narah-baptista-font-sensation-a-l-elysee-avec-emmanuel-et-brigitte-macron-pour-un-diner-d-etat-photos\/\" data-api-deeplink=\"teleloisirs:\/\/news\/380614\" rel=\"nofollow noopener\" target=\"_blank\">Emmanuel et Brigitte Macron<\/a> ont atterri \u00e0 l&rsquo;a\u00e9roport de RAF Northolt, au nord-ouest de Londres, o\u00f9 ils ont \u00e9t\u00e9 accueillis par le prince <a href=\"https:\/\/www.programme-tv.net\/news\/people\/378825-kate-middleton-quel-est-le-concept-de-sa-nouvelle-serie-de-videos-dans-la-nature-avec-le-prince-william\/\" data-api-deeplink=\"teleloisirs:\/\/news\/378825\" rel=\"nofollow noopener\" target=\"_blank\">William et Kate Middleton<\/a> aux alentours de 11 heures. Le couple pr\u00e9sidentiel est en visite d&rsquo;\u00c9tat au Royaume-Uni pendant trois jours, jusqu&rsquo;au jeudi 10 juillet. Un moment marquant pour l&rsquo;histoire de l&rsquo;Angleterre et de l&rsquo;Union Europ\u00e9enne, puisqu&rsquo;il s&rsquo;agit de la premi\u00e8re visite d&rsquo;un dirigeant europ\u00e9en depuis le Brexit, en 2020. <a href=\"https:\/\/www.programme-tv.net\/news\/societe\/381051-y-a-t-il-un-dealer-dans-l-avion-pourquoi-nicolas-sarkozy-a-accepte-de-participer-au-doc-netflix-la-reponse-des-createurs\/\" data-api-deeplink=\"teleloisirs:\/\/news\/381051\" rel=\"nofollow noopener\" target=\"_blank\">Nicolas Sarkozy<\/a> \u00e9tait le dernier pr\u00e9sident fran\u00e7ais \u00e0 avoir rendu visite au Royaume-Uni, en 2008. Au programme de cette rencontre symbolique, de nombreuses festivit\u00e9s sont pr\u00e9vues.<\/p>\n<p>Parade \u00e0 Windsor, visite de Westminster&#8230; Emmanuel Macron et son \u00e9pouse ont \u00e9t\u00e9 accueillis en grande pompe par la famille royale<\/p>\n<p>Kate Middleton et le prince William attendaient le couple pr\u00e9sidentiel sur le tarmac de RAF Northolt dans la matin\u00e9e de ce mardi 8 juillet. La princesse est apparue radieuse dans un ensemble beige, au bras de son \u00e9poux, tout aussi souriant, v\u00eatu d&rsquo;un costume bleu marine. Pour d\u00e9buter ses trois jours de visite d&rsquo;\u00c9tat, le couple royal a accompagn\u00e9 Emmanuel Macron et son \u00e9pouse jusqu&rsquo;\u00e0 Windsor, o\u00f9 ils ont retrouv\u00e9 le roi Charles III et Camilla. Apr\u00e8s un baiser du roi d\u00e9pos\u00e9 sur la main de la premi\u00e8re Dame de France et quelques mots \u00e9chang\u00e9s avec le pr\u00e9sident de la R\u00e9publique, les couples ont pris le chemin, \u00e0 bord d&rsquo;une cal\u00e8che, jusqu&rsquo;au ch\u00e2teau de Windsor, o\u00f9 ils seront log\u00e9s au cours de leur s\u00e9jour. Le cort\u00e8ge a d\u00e9fil\u00e9 dans les rues de la ville anglaise. En t\u00eate de file, Emmanuel Macron et le roi Charles III ont salu\u00e9 la foule, suivis par <a href=\"https:\/\/www.programme-tv.net\/biographie\/271818-macron-brigitte\/\" data-link-people=\"f45e8f1b-b2a3-4ccc-85fe-71758ac85338\" rel=\"nofollow noopener\" target=\"_blank\">Brigitte Macron<\/a> et Camilla, faisant de m\u00eame. Kate Middleton et le prince William partageaient, quant \u00e0 eux, la cal\u00e8che de <a href=\"https:\/\/www.programme-tv.net\/biographie\/47057-dati-rachida\/\" data-link-people=\"1b3da982-ebeb-4a5e-8661-465584b5e658\" rel=\"nofollow noopener\" target=\"_blank\">Rachida Dati<\/a> et de <a href=\"https:\/\/www.programme-tv.net\/biographie\/389407-lecornu-sebastien\/\" data-link-people=\"28c67bae-2760-4513-b75f-0b9d433bc955\" rel=\"nofollow noopener\" target=\"_blank\">S\u00e9bastien Lecornu<\/a>. Au ch\u00e2teau de Windsor, le couple pr\u00e9sidentiel a \u00e9t\u00e9 accueilli par un d\u00e9fil\u00e9 de soldats britanniques. Ils se sont ensuite rendus \u00e0 l&rsquo;abbaye de Westminster. La journ\u00e9e bien remplie des couples royaux et du couple pr\u00e9sidentiel devrait s&rsquo;achever par un d\u00eener d&rsquo;\u00c9tat au ch\u00e2teau de Windsor o\u00f9 150 invit\u00e9s sont attendus. La pr\u00e9sence de Kate Middleton n&rsquo;a pas \u00e9t\u00e9 confirm\u00e9e <a href=\"https:\/\/www.programme-tv.net\/news\/people\/381448-kate-middleton-annule-a-la-derniere-minute-sa-venue-a-un-evenement-le-princesse-de-galles-affirme-etre-decue\/\" data-api-deeplink=\"teleloisirs:\/\/news\/381448\" rel=\"nofollow noopener\" target=\"_blank\">en raison de sa sant\u00e9<\/a>.<\/p>\n<p>                        Le 37e sommet franco-britannique est attendu dans les prochains jours pour cl\u00f4turer la visite d&rsquo;\u00c9tat d&rsquo;Emmanuel Macron<\/p>\n<p>La visite d&rsquo;\u00c9tat d&rsquo;Emmanuel Macron se poursuivra ce mercredi 9 juillet par un hommage \u00e0 la reine Elizabeth II, puis par des discussions avec le roi autour de divers sujets majeurs, tels que l&rsquo;environnement et l&rsquo;intelligence artificielle. Pour son dernier jour de visite, le 37e sommet franco-britannique se tiendra au 10 Downing Street, en pr\u00e9sence du Premier ministre Keir Starmer, et abordera le sujet de l&rsquo;immigration et de la d\u00e9fense.<\/p>\n","protected":false},"excerpt":{"rendered":"Emmanuel et Brigitte Macron sont en visite d&rsquo;\u00c9tat au Royaume-Uni, ce mardi 8 juillet. Le couple pr\u00e9sidentiel a&hellip;\n","protected":false},"author":2,"featured_media":236110,"comment_status":"","ping_status":"","sticky":false,"template":"","format":"standard","meta":{"footnotes":""},"categories":[1359],"tags":[244,15908,58,1073,59,5860,1011,27,5858,973,5857],"class_list":{"0":"post-236109","1":"post","2":"type-post","3":"status-publish","4":"format-standard","5":"has-post-thumbnail","7":"category-people","8":"tag-commentaire","9":"tag-diaporama","10":"tag-divertissement","11":"tag-emmanuel-macron","12":"tag-entertainment","13":"tag-famille-royale-dangleterre","14":"tag-fr","15":"tag-france","16":"tag-kate-middleton","17":"tag-people","18":"tag-william-dangleterre"},"share_on_mastodon":{"url":"https:\/\/pubeurope.com\/@fr\/114819811486802481","error":""},"_links":{"self":[{"href":"https:\/\/www.europesays.com\/fr\/wp-json\/wp\/v2\/posts\/236109","targetHints":{"allow":["GET"]}}],"collection":[{"href":"https:\/\/www.europesays.com\/fr\/wp-json\/wp\/v2\/posts"}],"about":[{"href":"https:\/\/www.europesays.com\/fr\/wp-json\/wp\/v2\/types\/post"}],"author":[{"embeddable":true,"href":"https:\/\/www.europesays.com\/fr\/wp-json\/wp\/v2\/users\/2"}],"replies":[{"embeddable":true,"href":"https:\/\/www.europesays.com\/fr\/wp-json\/wp\/v2\/comments?post=236109"}],"version-history":[{"count":0,"href":"https:\/\/www.europesays.com\/fr\/wp-json\/wp\/v2\/posts\/236109\/revisions"}],"wp:featuredmedia":[{"embeddable":true,"href":"https:\/\/www.europesays.com\/fr\/wp-json\/wp\/v2\/media\/236110"}],"wp:attachment":[{"href":"https:\/\/www.europesays.com\/fr\/wp-json\/wp\/v2\/media?parent=236109"}],"wp:term":[{"taxonomy":"category","embeddable":true,"href":"https:\/\/www.europesays.com\/fr\/wp-json\/wp\/v2\/categories?post=236109"},{"taxonomy":"post_tag","embeddable":true,"href":"https:\/\/www.europesays.com\/fr\/wp-json\/wp\/v2\/tags?post=236109"}],"curies":[{"name":"wp","href":"https:\/\/api.w.org\/{rel}","templated":true}]}}