{"id":23611,"date":"2025-04-14T04:04:10","date_gmt":"2025-04-14T04:04:10","guid":{"rendered":"https:\/\/www.europesays.com\/fr\/23611\/"},"modified":"2025-04-14T04:04:10","modified_gmt":"2025-04-14T04:04:10","slug":"pres-de-lyon-un-agneau-nomme-leon-a-disparu-ses-proprietaires-lancent-un-appel","status":"publish","type":"post","link":"https:\/\/www.europesays.com\/fr\/23611\/","title":{"rendered":"Pr\u00e8s de Lyon : un agneau nomm\u00e9 L\u00e9on a disparu, ses propri\u00e9taires lancent un appel"},"content":{"rendered":"<p>Entre la nuit de mercredi \u00e0 jeudi, un troupeau a \u00e9t\u00e9 attaqu\u00e9 par un animal non identifi\u00e9 \u00e0 Collonges-au-Mont-d&rsquo;Or. Ses propri\u00e9taires lancent un appel \u00e0 t\u00e9moins.<\/p>\n<p>Mais o\u00f9 se trouve <b>L\u00e9on<\/b> ? Depuis la nuit entre le mercredi 9 et le jeudi 10 avril, <b>cet agneau<\/b> a pris la fuite apr\u00e8s une attaque sur son troupeau \u00e0 <b>Collonges-au-Mont-d&rsquo;Or<\/b>, au nord de Lyon.<\/p>\n<p>Un appel \u00e0 t\u00e9moins pour retrouver L\u00e9on<\/p>\n<p>Lors de cette attaque, plusieurs animaux ont \u00e9t\u00e9 bless\u00e9s. <a class=\"url\" href=\"https:\/\/www.facebook.com\/labergerieurbaine\" target=\"_blank\" rel=\"noopener\">La Bergerie Urbaine<\/a> lance donc <b>un appel \u00e0 t\u00e9moins<\/b> sur sa page Facebook pour retrouver l&rsquo;animal.<\/p>\n<p>Ses propri\u00e9taires donnent deux informations pour aider \u00e0 sa recherche : L\u00e9on porte une boucle avec le chiffre <b>113<\/b> et le num\u00e9ro d&rsquo;\u00e9levage <b>486873<\/b>.<\/p>\n<p><img loading=\"lazy\" decoding=\"async\" src=\"https:\/\/www.europesays.com\/fr\/wp-content\/uploads\/2025\/04\/1744603450_987_img\" width=\"350\" height=\"200\" border=\"0\" title=\"Une voiture de la police nationale.\"\/><\/p>\n<p>\u25baPolice &#8211; Justice<\/p>\n<p style=\"font-size: 22px;\"><b>Un appel \u00e0 t\u00e9moins lanc\u00e9 apr\u00e8s la fuite d&rsquo;une jeune m\u00e8re avec son fils<\/b><\/p>\n<p>Les enqu\u00eateurs de la police nationale sont \u00e0 la&#8230;<\/p>\n<p><\/p>\n","protected":false},"excerpt":{"rendered":"Entre la nuit de mercredi \u00e0 jeudi, un troupeau a \u00e9t\u00e9 attaqu\u00e9 par un animal non identifi\u00e9 \u00e0&hellip;\n","protected":false},"author":2,"featured_media":23612,"comment_status":"","ping_status":"","sticky":false,"template":"","format":"standard","meta":{"footnotes":""},"categories":[1889],"tags":[1111,11,8591,8592,2430,8593,8590,2715,1777,674,1011,27,747,2428,12,25,8594],"class_list":{"0":"post-23611","1":"post","2":"type-post","3":"status-publish","4":"format-standard","5":"has-post-thumbnail","7":"category-lyon","8":"tag-actu","9":"tag-actualites","10":"tag-agneau","11":"tag-appel-tmoins","12":"tag-auvergne-rhone-alpes","13":"tag-bergerie","14":"tag-collonges","15":"tag-disparition","16":"tag-eu","17":"tag-europe","18":"tag-fr","19":"tag-france","20":"tag-lon","21":"tag-lyon","22":"tag-news","23":"tag-republique-francaise","24":"tag-troupeau"},"share_on_mastodon":{"url":"https:\/\/pubeurope.com\/@fr\/114334339261978104","error":""},"_links":{"self":[{"href":"https:\/\/www.europesays.com\/fr\/wp-json\/wp\/v2\/posts\/23611","targetHints":{"allow":["GET"]}}],"collection":[{"href":"https:\/\/www.europesays.com\/fr\/wp-json\/wp\/v2\/posts"}],"about":[{"href":"https:\/\/www.europesays.com\/fr\/wp-json\/wp\/v2\/types\/post"}],"author":[{"embeddable":true,"href":"https:\/\/www.europesays.com\/fr\/wp-json\/wp\/v2\/users\/2"}],"replies":[{"embeddable":true,"href":"https:\/\/www.europesays.com\/fr\/wp-json\/wp\/v2\/comments?post=23611"}],"version-history":[{"count":0,"href":"https:\/\/www.europesays.com\/fr\/wp-json\/wp\/v2\/posts\/23611\/revisions"}],"wp:featuredmedia":[{"embeddable":true,"href":"https:\/\/www.europesays.com\/fr\/wp-json\/wp\/v2\/media\/23612"}],"wp:attachment":[{"href":"https:\/\/www.europesays.com\/fr\/wp-json\/wp\/v2\/media?parent=23611"}],"wp:term":[{"taxonomy":"category","embeddable":true,"href":"https:\/\/www.europesays.com\/fr\/wp-json\/wp\/v2\/categories?post=23611"},{"taxonomy":"post_tag","embeddable":true,"href":"https:\/\/www.europesays.com\/fr\/wp-json\/wp\/v2\/tags?post=23611"}],"curies":[{"name":"wp","href":"https:\/\/api.w.org\/{rel}","templated":true}]}}