{"id":236111,"date":"2025-07-08T21:47:10","date_gmt":"2025-07-08T21:47:10","guid":{"rendered":"https:\/\/www.europesays.com\/fr\/236111\/"},"modified":"2025-07-08T21:47:10","modified_gmt":"2025-07-08T21:47:10","slug":"macon-au-cabinet-rbc-larchitecte-antoine-recio-a-range-calques-et-crayons","status":"publish","type":"post","link":"https:\/\/www.europesays.com\/fr\/236111\/","title":{"rendered":"M\u00e2con. Au cabinet RBC, l\u2019architecte Antoine Recio a rang\u00e9 calques et crayons"},"content":{"rendered":"<p>C\u2019est \u00e0 Chaintr\u00e9 qu\u2019Antoine Recio a vu le jour une fin de d\u00e9cembre\u00a01962.<\/p>\n<p>Apr\u00e8s de brillantes \u00e9tudes \u00e0 M\u00e2con, celui qui va devenir quelques ann\u00e9es plus tard architecte, a poursuivi son cursus en math sup\/math sp\u00e9 au lyc\u00e9e La Prat\u2019s de Cluny. Apr\u00e8s quoi, il a aussit\u00f4t rejoint les bancs de l\u2019ENSAIS, \u00e9cole nationale sup\u00e9rieure des arts et industries de Strasbourg pour suivre des \u00e9tudes d\u2019architecte.<\/p>\n<p>En 1986, \u00e0 l\u2019\u00e2ge de 24 ans, il d\u00e9croche son dipl\u00f4me et int\u00e8gre la m\u00eame ann\u00e9e le cabinet Andr\u00e9-Charmont \u00e0 M\u00e2con. Un simple retour aux sources. Pendant 11 ans, il&#8230;<\/p>\n","protected":false},"excerpt":{"rendered":"C\u2019est \u00e0 Chaintr\u00e9 qu\u2019Antoine Recio a vu le jour une fin de d\u00e9cembre\u00a01962. Apr\u00e8s de brillantes \u00e9tudes \u00e0&hellip;\n","protected":false},"author":2,"featured_media":236112,"comment_status":"","ping_status":"","sticky":false,"template":"","format":"standard","meta":{"footnotes":""},"categories":[1358],"tags":[1348,1384,1385,1386,58,3718,59,107,1011,27,5980,5982,104],"class_list":{"0":"post-236111","1":"post","2":"type-post","3":"status-publish","4":"format-standard","5":"has-post-thumbnail","7":"category-arts-et-design","8":"tag-arts","9":"tag-arts-and-design","10":"tag-arts-et-design","11":"tag-design","12":"tag-divertissement","13":"tag-edition-macon","14":"tag-entertainment","15":"tag-fil-info","16":"tag-fr","17":"tag-france","18":"tag-macon","19":"tag-macon-ville","20":"tag-societe"},"share_on_mastodon":{"url":"https:\/\/pubeurope.com\/@fr\/114819815468358127","error":""},"_links":{"self":[{"href":"https:\/\/www.europesays.com\/fr\/wp-json\/wp\/v2\/posts\/236111","targetHints":{"allow":["GET"]}}],"collection":[{"href":"https:\/\/www.europesays.com\/fr\/wp-json\/wp\/v2\/posts"}],"about":[{"href":"https:\/\/www.europesays.com\/fr\/wp-json\/wp\/v2\/types\/post"}],"author":[{"embeddable":true,"href":"https:\/\/www.europesays.com\/fr\/wp-json\/wp\/v2\/users\/2"}],"replies":[{"embeddable":true,"href":"https:\/\/www.europesays.com\/fr\/wp-json\/wp\/v2\/comments?post=236111"}],"version-history":[{"count":0,"href":"https:\/\/www.europesays.com\/fr\/wp-json\/wp\/v2\/posts\/236111\/revisions"}],"wp:featuredmedia":[{"embeddable":true,"href":"https:\/\/www.europesays.com\/fr\/wp-json\/wp\/v2\/media\/236112"}],"wp:attachment":[{"href":"https:\/\/www.europesays.com\/fr\/wp-json\/wp\/v2\/media?parent=236111"}],"wp:term":[{"taxonomy":"category","embeddable":true,"href":"https:\/\/www.europesays.com\/fr\/wp-json\/wp\/v2\/categories?post=236111"},{"taxonomy":"post_tag","embeddable":true,"href":"https:\/\/www.europesays.com\/fr\/wp-json\/wp\/v2\/tags?post=236111"}],"curies":[{"name":"wp","href":"https:\/\/api.w.org\/{rel}","templated":true}]}}