{"id":236117,"date":"2025-07-08T21:50:14","date_gmt":"2025-07-08T21:50:14","guid":{"rendered":"https:\/\/www.europesays.com\/fr\/236117\/"},"modified":"2025-07-08T21:50:14","modified_gmt":"2025-07-08T21:50:14","slug":"degoute-le-rappeur-annonce-lannulation-de-son-concert-au-velodrome-de-marseille-fin-2025","status":"publish","type":"post","link":"https:\/\/www.europesays.com\/fr\/236117\/","title":{"rendered":"\u00ab\u00a0D\u00e9go\u00fbt\u00e9\u00a0\u00bb, le rappeur annonce l&rsquo;annulation de son concert au V\u00e9lodrome de Marseille, fin\u00a02025"},"content":{"rendered":"<p>Il r\u00eavait de se produire devant SON public, mais il va devoir patienter\u00a0: le <a href=\"https:\/\/www.20minutes.fr\/dossier\/soprano\" class=\"color-ultramarine c-link\" target=\"_blank\" rel=\"noopener\">chanteur marseillais Soprano<\/a> a annonc\u00e9, mardi 8\u00a0juillet 2025, que le concert qu\u2019il devait donner au <a href=\"https:\/\/www.20minutes.fr\/dossier\/velodrome\" class=\"color-ultramarine c-link\" target=\"_blank\" rel=\"noopener\">V\u00e9lodrome <\/a>le 11\u00a0octobre 2025 \u00e9tait purement et simplement annul\u00e9, <a href=\"https:\/\/www.laprovence.com\/article\/culture-loisirs\/2311082976728914\/degoute-soprano-annonce-l-annulation-de-son-concert-au-velodrome-en-2025\" rel=\"nofollow noopener\" target=\"_blank\" class=\"color-ultramarine c-link\">rapporte La Provence<\/a>.<\/p>\n<\/p>\n<p>Gazon maudit<\/p>\n<p>En cause, la pelouse du stade au sein duquel \u00e9volue l\u2019<a href=\"https:\/\/www.20minutes.fr\/sport\/om\/\" class=\"color-ultramarine c-link\" target=\"_blank\" rel=\"noopener\">Olympique de Marseille<\/a>\u00a0: \u00ab\u00a0Une \u00e9tude technique approfondie men\u00e9e avec les \u00e9quipes du stade a r\u00e9v\u00e9l\u00e9 que <a href=\"https:\/\/www.20minutes.fr\/sport\/football\/4052886-20230917-marseille-coupe-monde-rugby-om-messe-pape-francois-pelouse-stade-velodrome-prend-cher\" class=\"color-ultramarine c-link\" target=\"_blank\" rel=\"noopener\">la nouvelle pelouse<\/a>, pr\u00e9vue en ao\u00fbt\u00a02025, ne pourra pas supporter la sc\u00e8ne du dernier show de Soprano\u00a0\u00bb, a expliqu\u00e9 l\u2019\u00e9quipe du <a href=\"https:\/\/www.20minutes.fr\/dossier\/rappeur\" class=\"color-ultramarine c-link\" target=\"_blank\" rel=\"noopener\">rappeur <\/a>dans un communiqu\u00e9.<\/p>\n<p>L\u2019installation de la structure sur laquelle l\u2019artiste local aurait d\u00fb se produire n\u00e9cessiterait \u00ab\u00a0un remplacement complet du terrain\u00a0\u00bb, ce qui serait \u00ab\u00a0incompatible avec le calendrier sportif du stade, en pleine saison de <a href=\"https:\/\/www.20minutes.fr\/sport\/ligue-1\/\" class=\"color-ultramarine c-link\" target=\"_blank\" rel=\"noopener\">Ligue 1<\/a> et de <a href=\"https:\/\/www.20minutes.fr\/sport\/4154045-20250518-mercato-om-qualif-europe-poche-supporteurs-font-deja-marche\" class=\"color-ultramarine c-link\" target=\"_blank\" rel=\"noopener\">Ligue des champions<\/a>\u00a0\u00bb, poursuit-elle.<\/p>\n<p>Remboursement ou alternative<\/p>\n<p>Le <a href=\"https:\/\/www.20minutes.fr\/dossier\/concert\" class=\"color-ultramarine c-link\" target=\"_blank\" rel=\"noopener\">concert <\/a>au V\u00e9lodrome n\u2019ayant donc aucune chance d\u2019\u00eatre diff\u00e9r\u00e9, son organisation indique aux spectateurs ayant d\u00e9j\u00e0 r\u00e9serv\u00e9 leurs places qu\u2019ils \u00ab\u00a0recevront tr\u00e8s prochainement la proc\u00e9dure de <a href=\"https:\/\/www.20minutes.fr\/dossier\/remboursement\" class=\"color-ultramarine c-link\" target=\"_blank\" rel=\"noopener\">remboursement <\/a>de la part du r\u00e9seau de billetterie aupr\u00e8s duquel ils ont achet\u00e9 leurs billets\u00a0\u00bb.<\/p>\n<p><a href=\"https:\/\/www.20minutes.fr\/dossier\/soprano\" class=\"c-link c-btn c-btn--primary\" target=\"_blank\" rel=\"noopener\">Notre dossier \u00ab Soprano \u00bb<\/a><\/p>\n<p>Mais bonne nouvelle, les <a href=\"https:\/\/www.20minutes.fr\/dossier\/fans\" class=\"color-ultramarine c-link\" target=\"_blank\" rel=\"noopener\">fans <\/a>l\u00e9s\u00e9s pourront b\u00e9n\u00e9ficier d\u2019une pr\u00e9vente sur de nouvelles dates marseillaises programm\u00e9es \u00ab\u00a0en urgence\u00a0\u00bb\u00a0: Soprano se produira ainsi les 25 et 26\u00a0novembre 2025 au D\u00f4me, puis les 16 et 17\u00a0d\u00e9cembre 2025 pas trop loin, \u00e0 <a href=\"https:\/\/www.20minutes.fr\/dossier\/aix-provence\" class=\"color-ultramarine c-link\" target=\"_blank\" rel=\"noopener\">Aix-en-Provence<\/a>, \u00e0 l\u2019Arena du Pays d\u2019Aix.<\/p>\n","protected":false},"excerpt":{"rendered":"Il r\u00eavait de se produire devant SON public, mais il va devoir patienter\u00a0: le chanteur marseillais Soprano a&hellip;\n","protected":false},"author":2,"featured_media":236118,"comment_status":"","ping_status":"","sticky":false,"template":"","format":"standard","meta":{"footnotes":""},"categories":[1355],"tags":[7404,885,1696,1697,251,58,59,1011,27,66,447,884,1361,873,2333,883,882,3616,6198,10826,957,133],"class_list":{"0":"post-236117","1":"post","2":"type-post","3":"status-publish","4":"format-standard","5":"has-post-thumbnail","7":"category-musique","8":"tag-aix-en-provence","9":"tag-bouches-du-rhone","10":"tag-chanteur","11":"tag-concert","12":"tag-culture","13":"tag-divertissement","14":"tag-entertainment","15":"tag-fr","16":"tag-france","17":"tag-ligue-1","18":"tag-ligue-des-champions","19":"tag-marseille","20":"tag-music","21":"tag-musique","22":"tag-olympique-de-marseille-om","23":"tag-paca","24":"tag-provence-alpes-cote-dazur","25":"tag-rap","26":"tag-rappeur","27":"tag-soprano","28":"tag-velodrome","29":"tag-video"},"share_on_mastodon":{"url":"https:\/\/pubeurope.com\/@fr\/114819827305046393","error":""},"_links":{"self":[{"href":"https:\/\/www.europesays.com\/fr\/wp-json\/wp\/v2\/posts\/236117","targetHints":{"allow":["GET"]}}],"collection":[{"href":"https:\/\/www.europesays.com\/fr\/wp-json\/wp\/v2\/posts"}],"about":[{"href":"https:\/\/www.europesays.com\/fr\/wp-json\/wp\/v2\/types\/post"}],"author":[{"embeddable":true,"href":"https:\/\/www.europesays.com\/fr\/wp-json\/wp\/v2\/users\/2"}],"replies":[{"embeddable":true,"href":"https:\/\/www.europesays.com\/fr\/wp-json\/wp\/v2\/comments?post=236117"}],"version-history":[{"count":0,"href":"https:\/\/www.europesays.com\/fr\/wp-json\/wp\/v2\/posts\/236117\/revisions"}],"wp:featuredmedia":[{"embeddable":true,"href":"https:\/\/www.europesays.com\/fr\/wp-json\/wp\/v2\/media\/236118"}],"wp:attachment":[{"href":"https:\/\/www.europesays.com\/fr\/wp-json\/wp\/v2\/media?parent=236117"}],"wp:term":[{"taxonomy":"category","embeddable":true,"href":"https:\/\/www.europesays.com\/fr\/wp-json\/wp\/v2\/categories?post=236117"},{"taxonomy":"post_tag","embeddable":true,"href":"https:\/\/www.europesays.com\/fr\/wp-json\/wp\/v2\/tags?post=236117"}],"curies":[{"name":"wp","href":"https:\/\/api.w.org\/{rel}","templated":true}]}}