{"id":236125,"date":"2025-07-08T21:54:10","date_gmt":"2025-07-08T21:54:10","guid":{"rendered":"https:\/\/www.europesays.com\/fr\/236125\/"},"modified":"2025-07-08T21:54:10","modified_gmt":"2025-07-08T21:54:10","slug":"le-journaliste-julien-arnaud-rejoint-bfmtv-ou-marc-fauvelle-remplacera-benjamin-duhamel-actualites","status":"publish","type":"post","link":"https:\/\/www.europesays.com\/fr\/236125\/","title":{"rendered":"Le journaliste Julien Arnaud rejoint BFMTV, o\u00f9 Marc Fauvelle remplacera Benjamin Duhamel : Actualit\u00e9s"},"content":{"rendered":"<p class=\"lead \">Le journaliste Julien Arnaud, qui co-pr\u00e9sentait l&rsquo;\u00e9mission \u00ab\u00a0T\u00e9l\u00e9matin\u00a0\u00bb, quitte France 2 pour rejoindre \u00e0 la rentr\u00e9e BFMTV, o\u00f9 Marc Fauvelle remplacera par ailleurs Benjamin Duhamel, a annonc\u00e9 mardi la cha\u00eene d&rsquo;information continue. <\/p>\n<p class=\"lead \">BFMTV a indiqu\u00e9 dans un communiqu\u00e9 confier \u00e0 Julien Arnaud \u00ab\u00a0la pr\u00e9sentation d&rsquo;un grand rendez-vous d&rsquo;information du lundi au vendredi de 10h \u00e0 12h\u00a0\u00bb.<\/p>\n<p class=\"lead \">Le directeur g\u00e9n\u00e9ral de cette cha\u00eene, Fabien Namias, a salu\u00e9 l&rsquo;arriv\u00e9e d&rsquo;un journaliste \u00ab\u00a0rompu \u00e0 l&rsquo;information en continu, \u00e0 l&rsquo;exercice de l&rsquo;interview\u00a0\u00bb.<\/p>\n<p class=\"lead \">Julien Arnaud, 51 ans, avait quitt\u00e9 le groupe TF1 au terme de 27 ans de carri\u00e8re \u00e0 l&rsquo;\u00e9t\u00e9 2024, pour succ\u00e9der \u00e0 Thomas Sotto comme pr\u00e9sentateur de \u00ab\u00a0T\u00e9l\u00e9matin\u00a0\u00bb, l&rsquo;\u00e9mission matinale du service public, aux c\u00f4t\u00e9s de Flavie Flament.<\/p>\n<p class=\"lead \">Il a aussi assur\u00e9 la pr\u00e9sentation de journaux t\u00e9l\u00e9vis\u00e9s de 20H durant les cong\u00e9s d&rsquo;Anne-Sophie Lapix, qui a elle aussi quitt\u00e9 France T\u00e9l\u00e9visions depuis.<\/p>\n<p class=\"lead \">Julien Arnaud va piloter le 20H de France 2 \u00e0 partir de mi-juillet comme pr\u00e9vu pour l&rsquo;\u00e9t\u00e9, a indiqu\u00e9 Alexandre Kara, patron de l&rsquo;information de France T\u00e9l\u00e9, en conf\u00e9rence de presse.<\/p>\n<p class=\"lead \">\u00ab\u00a0On souhaite plein de bonnes choses \u00e0 Julien\u00a0\u00bb, \u00e0 qui \u00ab\u00a0on a propos\u00e9 plein de choses\u00a0\u00bb mais \u00ab\u00a0il a pr\u00e9f\u00e9r\u00e9\u00a0\u00bb partir, a-t-il relev\u00e9.<\/p>\n<p class=\"lead \">\u00ab\u00a0J&rsquo;ai d\u00e9cid\u00e9 de saisir cette opportunit\u00e9 pour plein de raisons\u00a0\u00bb, a pour sa part indiqu\u00e9 Julien Arnaud au Parisien, se disant notamment \u00ab\u00a0en confiance\u00a0\u00bb avec les \u00ab\u00a0dirigeants\u00a0\u00bb de BFMTV et assurant ne pas en vouloir \u00e0 ceux du service public qui l&rsquo;ont \u00ab\u00a0\u00e9vinc\u00e9\u00a0\u00bb de \u00ab\u00a0T\u00e9l\u00e9matin\u00a0\u00bb, selon le journal. <\/p>\n<p class=\"lead \">Autre nouveau visage de BFMTV, le journaliste Marc Fauvelle, 48 ans, remplacera lui Benjamin Duhamel de 19H \u00e0 20H du lundi au jeudi et de 18H \u00e0 20H le dimanche, selon un autre communiqu\u00e9 de la cha\u00eene.<\/p>\n<p class=\"lead \">Marc Fauvelle, dont BFMTV avait annonc\u00e9 le recrutement en mars, a occup\u00e9 le poste de directeur de l&rsquo;information de France Inter de 2023 \u00e0 2025, apr\u00e8s cinq ans aux manettes de la matinale de la station voisine franceinfo.<\/p>\n<p class=\"lead \">Benjamin Duhamel, a r\u00e9cemment choisi de se consacrer \u00e0 la matinale de France Inter, alors qu&rsquo;il devait initialement conserver en parall\u00e8le son \u00e9mission t\u00e9l\u00e9, \u00ab\u00a0Tout le monde veut savoir\u00a0\u00bb, du lundi au jeudi, et arr\u00eater \u00ab\u00a0C&rsquo;est pas tous les jours dimanche\u00a0\u00bb.<\/p>\n<p class=\"small font-weight-bold text-gray3 \"> publi\u00e9 le 8 juillet \u00e0 19h42, AFP<\/p>\n<p>                             Partager<\/p>\n","protected":false},"excerpt":{"rendered":"Le journaliste Julien Arnaud, qui co-pr\u00e9sentait l&rsquo;\u00e9mission \u00ab\u00a0T\u00e9l\u00e9matin\u00a0\u00bb, quitte France 2 pour rejoindre \u00e0 la rentr\u00e9e BFMTV, o\u00f9&hellip;\n","protected":false},"author":2,"featured_media":236126,"comment_status":"","ping_status":"","sticky":false,"template":"","format":"standard","meta":{"footnotes":""},"categories":[8],"tags":[58,59,1011,27,9555,1825,9556],"class_list":{"0":"post-236125","1":"post","2":"type-post","3":"status-publish","4":"format-standard","5":"has-post-thumbnail","7":"category-divertissement","8":"tag-divertissement","9":"tag-entertainment","10":"tag-fr","11":"tag-france","12":"tag-mdias","13":"tag-radio","14":"tag-tlvision"},"share_on_mastodon":{"url":"https:\/\/pubeurope.com\/@fr\/114819843331943750","error":""},"_links":{"self":[{"href":"https:\/\/www.europesays.com\/fr\/wp-json\/wp\/v2\/posts\/236125","targetHints":{"allow":["GET"]}}],"collection":[{"href":"https:\/\/www.europesays.com\/fr\/wp-json\/wp\/v2\/posts"}],"about":[{"href":"https:\/\/www.europesays.com\/fr\/wp-json\/wp\/v2\/types\/post"}],"author":[{"embeddable":true,"href":"https:\/\/www.europesays.com\/fr\/wp-json\/wp\/v2\/users\/2"}],"replies":[{"embeddable":true,"href":"https:\/\/www.europesays.com\/fr\/wp-json\/wp\/v2\/comments?post=236125"}],"version-history":[{"count":0,"href":"https:\/\/www.europesays.com\/fr\/wp-json\/wp\/v2\/posts\/236125\/revisions"}],"wp:featuredmedia":[{"embeddable":true,"href":"https:\/\/www.europesays.com\/fr\/wp-json\/wp\/v2\/media\/236126"}],"wp:attachment":[{"href":"https:\/\/www.europesays.com\/fr\/wp-json\/wp\/v2\/media?parent=236125"}],"wp:term":[{"taxonomy":"category","embeddable":true,"href":"https:\/\/www.europesays.com\/fr\/wp-json\/wp\/v2\/categories?post=236125"},{"taxonomy":"post_tag","embeddable":true,"href":"https:\/\/www.europesays.com\/fr\/wp-json\/wp\/v2\/tags?post=236125"}],"curies":[{"name":"wp","href":"https:\/\/api.w.org\/{rel}","templated":true}]}}