{"id":236133,"date":"2025-07-08T21:58:11","date_gmt":"2025-07-08T21:58:11","guid":{"rendered":"https:\/\/www.europesays.com\/fr\/236133\/"},"modified":"2025-07-08T21:58:11","modified_gmt":"2025-07-08T21:58:11","slug":"la-loi-duplomb-definitivement-adoptee-par-le-parlement-liberation","status":"publish","type":"post","link":"https:\/\/www.europesays.com\/fr\/236133\/","title":{"rendered":"la loi Duplomb d\u00e9finitivement adopt\u00e9e par le Parlement \u2013 Lib\u00e9ration"},"content":{"rendered":"<p class=\"sc-ksZaOG ehjQrN text-element\">\u00abUn trait\u00e9 de soumission \u00e0 l\u2019agrochimie\u00bb, a protest\u00e9 la pr\u00e9sidente LFI de la commission des affaires \u00e9conomiques Aur\u00e9lie Trouv\u00e9. Une \u00abloi poison et un feu vert donn\u00e9 \u00e0 la destruction \u00e9cologique\u00bb, a d\u00e9plor\u00e9 l\u2019\u00e9cologiste Delphine Batho, tandis que la ministre de l\u2019Agriculture, Annie Genevard, a, \u00e0 l\u2019inverse, c\u00e9l\u00e9br\u00e9 le \u00abchemin de la reconqu\u00eate de notre souverainet\u00e9 alimentaire\u00bb emprunt\u00e9 par <a href=\"https:\/\/www.liberation.fr\/politique\/avec-la-loi-duplomb-cest-lenvironnement-qui-va-trinquer-a-lassemblee-20250707_6YNPGGASTFCF3BP4YHXP6T2W24\/\" target=\"_blank\" rel=\"noreferrer noopener\" title=\"https:\/\/www.liberation.fr\/politique\/avec-la-loi-duplomb-cest-lenvironnement-qui-va-trinquer-a-lassemblee-20250707_6YNPGGASTFCF3BP4YHXP6T2W24\/\">la proposition de loi du s\u00e9nateur LR Laurent Duplomb<\/a>. C\u2019est une Assembl\u00e9e nationale en surchauffe qui a d\u00e9finitivement adopt\u00e9, ce mardi 8 juillet, la proposition de loi visant \u00e0 \u00ablever les contraintes \u00e0 l\u2019exercice du m\u00e9tier d\u2019agriculteur\u00bb, par 316 voix pour, tandis que 223 d\u00e9put\u00e9s ont vot\u00e9 contre et 25 se sont abstenus.<\/p>\n<p class=\"sc-ksZaOG ehjQrN text-element\">Entre la gauche qui s\u2019est unanimement oppos\u00e9e au texte, et la droite et l\u2019extr\u00eame droite qui l\u2019ont approuv\u00e9e comme un seul homme, le bloc central s\u2019est efforc\u00e9 de vanter le compromis obtenu en commission mixte paritaire (CMP) la semaine derni\u00e8re, estimant avoir rattrap\u00e9 les outrances de la copie initiale.<\/p>\n<p class=\"sc-ksZaOG ehjQrN text-element\">L\u2019Anses, agence charg\u00e9e de l\u2019\u00e9valuation et de la r\u00e9glementation des pesticides, a, certes, sauv\u00e9 ses pr\u00e9rogatives menac\u00e9es dans la mouture initiale, et les zones humides \u00e9chappent \u00e0 une disposition qui risquait de les mettre en p\u00e9ril. Demeure, en revanche, dans la version finale, la mesure la plus d\u00e9cri\u00e9e : la r\u00e9introduction, \u00e0 titre d\u00e9rogatoire, de <a href=\"https:\/\/www.liberation.fr\/checknews\/lacetamipride-pesticide-de-la-famille-des-neonicotinoides-possede-t-il-un-faible-taux-de-toxicite-comme-laffirme-le-senateur-laurent-duplomb-20250208_BWJAXVTQEBC2JLER5SHG6DQXO4\/?redirected=1\" target=\"_blank\" rel=\"noreferrer noopener\" title=\"https:\/\/www.liberation.fr\/checknews\/lacetamipride-pesticide-de-la-famille-des-neonicotinoides-possede-t-il-un-faible-taux-de-toxicite-comme-laffirme-le-senateur-laurent-duplomb-20250208_BWJAXVTQEBC2JLER5SHG6DQXO4\/?redirected=1\">l\u2019ac\u00e9tamipride<\/a>, insecticide de la famille des n\u00e9onicotino\u00efdes, reconnu, par plusieurs \u00e9tudes, toxique pour la biodiversit\u00e9 comme pour la sant\u00e9 humaine.<\/p>\n<p class=\"sc-ksZaOG ehjQrN text-element\">Interdite en France depuis 2018, mais autoris\u00e9e en Europe jusqu\u2019en 2033, la substance est r\u00e9clam\u00e9e par les betteraviers et les producteurs de noisettes, au grand dam des apiculteurs inquiets pour leurs abeilles et des ONG de d\u00e9fense de l\u2019environnement et d\u2019associations dont certaines scrutaient le vote. \u00abVous \u00eates des alli\u00e9s du cancer\u00bb, a interpell\u00e9, depuis la tribune, la porte-parole du collectif Cancer col\u00e8re, Fleur Breteau, apr\u00e8s le vote. \u00abJe ne peux pas entendre le discours consistant \u00e0 dire que refuser l\u2019ac\u00e9tamipride serait de l\u2019\u00e9cologie punitive. C\u2019est un coup de poing dans la t\u00eate. Ce soir, c\u2019est nous tous qui sommes punis\u00bb, a-t-elle r\u00e9agi \u00e0 la sortie du Palais Bourbon.<\/p>\n<p class=\"sc-ksZaOG ehjQrN text-element\">Les parlementaires ont assorti sa r\u00e9autorisation de plusieurs conditions, sans toutefois fixer de d\u00e9lai. Au-del\u00e0 de trois ans, une clause de revoyure annuelle est pr\u00e9vue, confi\u00e9e \u00e0 un \u00abcomit\u00e9 des solutions\u00bb o\u00f9 si\u00e9geront, notamment, les producteurs. \u00abCe n\u2019est pas un ch\u00e8que en blanc. Personne ne sait dire combien d\u2019hectares seront concern\u00e9s\u00bb, tente de rassurer le rapporteur LR Julien Dive, qui admet que \u00abcela pourrait repr\u00e9senter 500 000 hectares si toutes les fili\u00e8res demandeuses obtenaient la d\u00e9rogation, mais \u00e7a peut aussi \u00eatre beaucoup moins.\u00bb La proposition de loi pr\u00e9voit par ailleurs de faciliter l\u2019installation de m\u00e9gabassines et l\u2019agrandissement ou la cr\u00e9ation de b\u00e2timents d\u2019\u00e9levage intensif. Du miel pour <a href=\"https:\/\/www.liberation.fr\/environnement\/agriculture\/avant-son-congres-la-fnsea-se-pose-toujours-en-interlocuteur-privilegie-de-letat-20250325_CW5SP3T6DVHOVEOGJJTZLKBF6M\/\" target=\"_blank\" rel=\"noreferrer noopener\" title=\"https:\/\/www.liberation.fr\/environnement\/agriculture\/avant-son-congres-la-fnsea-se-pose-toujours-en-interlocuteur-privilegie-de-letat-20250325_CW5SP3T6DVHOVEOGJJTZLKBF6M\/\">la FNSEA, premier syndicat agricole<\/a>, qui voit nombre de ses revendications exauc\u00e9es.<\/p>\n<p class=\"sc-ksZaOG ehjQrN text-element\">Apr\u00e8s l\u2019accord en CMP et l\u2019adoption comme une lettre \u00e0 la poste au S\u00e9nat jeudi dernier, la gauche avait peu d\u2019espoirs de stopper in extremis le texte dans l\u2019h\u00e9micycle. \u00abTous ceux ayant des illusions sur la macronie qui aurait davantage de vell\u00e9it\u00e9s environnementales que la droite se plantent\u00bb, pr\u00e9venait Aur\u00e9lie Trouv\u00e9. Voulant s\u2019afficher plus vert que vert, Gabriel Attal se faisait fort, ces derni\u00e8res semaines, de d\u00e9noncer \u00abun axe anti-\u00e9cologie \u00e0 l\u2019Assembl\u00e9e\u00bb ciblant des d\u00e9put\u00e9s LR acoquin\u00e9s avec l\u2019extr\u00eame droite pour <a href=\"https:\/\/www.liberation.fr\/environnement\/a-lassemblee-les-deputes-ont-adopte-un-moratoire-sur-les-eoliennes-et-les-panneaux-solaires-20250619_HXULG4HLAVFKRM67HVYCJMLHXQ\/\" target=\"_blank\" rel=\"noreferrer noopener\" title=\"https:\/\/www.liberation.fr\/environnement\/a-lassemblee-les-deputes-ont-adopte-un-moratoire-sur-les-eoliennes-et-les-panneaux-solaires-20250619_HXULG4HLAVFKRM67HVYCJMLHXQ\/\">remettre en cause la part des renouvelables dans le mix \u00e9nerg\u00e9tique<\/a>.<\/p>\n<p class=\"sc-ksZaOG ehjQrN text-element\">Si le patron des d\u00e9put\u00e9s Renaissance, Premier ministre durant la crise agricole de l\u2019hiver 2024, a soutenu les mesures de la loi Duplomb, plusieurs de ses camarades macronistes, mal \u00e0 l\u2019aise avec le retour de l\u2019ac\u00e9tamipride et le jeu de massacres des mesures environnementales au Parlement, ne l\u2019ont pas suivi, choisissant de voter contre (14 d\u2019entre eux) ou de s\u2019abstenir (pour dix autres).<\/p>\n","protected":false},"excerpt":{"rendered":"\u00abUn trait\u00e9 de soumission \u00e0 l\u2019agrochimie\u00bb, a protest\u00e9 la pr\u00e9sidente LFI de la commission des affaires \u00e9conomiques Aur\u00e9lie&hellip;\n","protected":false},"author":2,"featured_media":236134,"comment_status":"","ping_status":"","sticky":false,"template":"","format":"standard","meta":{"footnotes":""},"categories":[4],"tags":[11,21427,416,5253,1011,27,12,25],"class_list":{"0":"post-236133","1":"post","2":"type-post","3":"status-publish","4":"format-standard","5":"has-post-thumbnail","7":"category-france","8":"tag-actualites","9":"tag-agriculteurs-en-colere","10":"tag-assemblee-nationale","11":"tag-biodiversite-cest-la-sante","12":"tag-fr","13":"tag-france","14":"tag-news","15":"tag-republique-francaise"},"share_on_mastodon":{"url":"https:\/\/pubeurope.com\/@fr\/114819858665050294","error":""},"_links":{"self":[{"href":"https:\/\/www.europesays.com\/fr\/wp-json\/wp\/v2\/posts\/236133","targetHints":{"allow":["GET"]}}],"collection":[{"href":"https:\/\/www.europesays.com\/fr\/wp-json\/wp\/v2\/posts"}],"about":[{"href":"https:\/\/www.europesays.com\/fr\/wp-json\/wp\/v2\/types\/post"}],"author":[{"embeddable":true,"href":"https:\/\/www.europesays.com\/fr\/wp-json\/wp\/v2\/users\/2"}],"replies":[{"embeddable":true,"href":"https:\/\/www.europesays.com\/fr\/wp-json\/wp\/v2\/comments?post=236133"}],"version-history":[{"count":0,"href":"https:\/\/www.europesays.com\/fr\/wp-json\/wp\/v2\/posts\/236133\/revisions"}],"wp:featuredmedia":[{"embeddable":true,"href":"https:\/\/www.europesays.com\/fr\/wp-json\/wp\/v2\/media\/236134"}],"wp:attachment":[{"href":"https:\/\/www.europesays.com\/fr\/wp-json\/wp\/v2\/media?parent=236133"}],"wp:term":[{"taxonomy":"category","embeddable":true,"href":"https:\/\/www.europesays.com\/fr\/wp-json\/wp\/v2\/categories?post=236133"},{"taxonomy":"post_tag","embeddable":true,"href":"https:\/\/www.europesays.com\/fr\/wp-json\/wp\/v2\/tags?post=236133"}],"curies":[{"name":"wp","href":"https:\/\/api.w.org\/{rel}","templated":true}]}}