{"id":236135,"date":"2025-07-08T21:59:09","date_gmt":"2025-07-08T21:59:09","guid":{"rendered":"https:\/\/www.europesays.com\/fr\/236135\/"},"modified":"2025-07-08T21:59:09","modified_gmt":"2025-07-08T21:59:09","slug":"des-evacuations-par-la-mer-a-partir-de-corbieres","status":"publish","type":"post","link":"https:\/\/www.europesays.com\/fr\/236135\/","title":{"rendered":"des \u00e9vacuations par la mer \u00e0 partir de Corbi\u00e8res"},"content":{"rendered":"<p>\u00ab\u00a0On se sent comme sur une \u00eele d\u00e9serte.\u00a0\u00bb Line, Leana et leur \u00e9quipe travaillent pour la galerie d&rsquo;art Fotokino et \u00e9taient ce mardi 8 juillet <strong>\u00e0 l&rsquo;espace Mistral, \u00e0 L&rsquo;Estaque<\/strong>, pour animer un atelier lecture aupr\u00e8s des enfants. Le site accueillait de multiples activit\u00e9s culturelles et sportives dans le cadre de <a href=\"https:\/\/www.laprovence.com\/article\/region\/24516935612845\/sport-loisirs-visites-spectacles-du-nord-au-sud-lete-marseillais-prend-ses-quartiers\" target=\"_blank\" rel=\"noopener\">\u00ab\u00a0L&rsquo;\u00e9t\u00e9 marseillais\u00a0\u00bb<\/a>, une op\u00e9ration organis\u00e9e par la Ville de Marseille. \u00ab\u00a0Au d\u00e9part, on a juste vu un peu de fum\u00e9e derri\u00e8re les collines, mais assez vite le nuage est devenu tr\u00e8s impressionnant, on a eu peur, on s&rsquo;est dit, on remballe\u00a0\u00bb, raconte Line.<\/p>\n<p>\u00c0 ce moment-l\u00e0, de nombreux centres a\u00e9r\u00e9s sont encore pr\u00e9sents \u00e0 l&rsquo;espace Mistral pour profiter des animations. \u00ab\u00a0On a charg\u00e9 la voiture, mais on s&rsquo;est tout de suite retrouv\u00e9es dans un bouchon monstrueux, recouvert de fum\u00e9e, en direction de Marseille, impossible d&rsquo;avancer. On a donc d\u00e9cid\u00e9 de changer de direction et d&rsquo;aller vers Corbi\u00e8res\u00a0\u00bb, et le Nord, le Rove. \u00ab\u00a0C&rsquo;est l\u00e0 qu&rsquo;on s&rsquo;est arr\u00eat\u00e9s \u00e0 la base nautique, on \u00e9tait une trentaine de personnes, mais c&rsquo;\u00e9tait calme, car <a href=\"https:\/\/www.laprovence.com\/article\/region\/2383630813237214\/je-ne-sais-pas-comment-rentrer-la-galere-des-passagers-a-laeroport-ferme-a-cause-du-feu-aux-pennes-mirabeau\" target=\"_blank\" rel=\"noopener\">la fum\u00e9e avait vir\u00e9 vers le centre-ville<\/a>. Des gens se baignaient, c&rsquo;\u00e9tait un peu d\u00e9routant\u00a0\u00bb, reprend Line.<\/p>\n<p>Finalement, peu avant 18h,<strong> c&rsquo;est par la mer que l&rsquo;\u00e9quipe de Fotokino a \u00e9t\u00e9 \u00e9vacu\u00e9e<\/strong>, par la mer, sur le Zodiac d&rsquo;un \u00ab\u00a0monsieur qui nous a propos\u00e9 de partir comme \u00e7a\u00a0\u00bb jusqu&rsquo;\u00e0 la base du Roucas-Blanc. \u00ab\u00a0On a abandonn\u00e9 notre voiture, tant pis\u00a0\u00bb, souffle la jeune femme qui t\u00e9moigne qu&rsquo;une quinzaine de personnes restaient encore \u00e0 Corbi\u00e8res, o\u00f9 la fum\u00e9e s&rsquo;est dissip\u00e9e.<\/p>\n","protected":false},"excerpt":{"rendered":"\u00ab\u00a0On se sent comme sur une \u00eele d\u00e9serte.\u00a0\u00bb Line, Leana et leur \u00e9quipe travaillent pour la galerie d&rsquo;art&hellip;\n","protected":false},"author":2,"featured_media":236136,"comment_status":"","ping_status":"","sticky":false,"template":"","format":"standard","meta":{"footnotes":""},"categories":[2],"tags":[17,11,154,37505,274,1011,27,1310,884,6127,12,5912,5537],"class_list":{"0":"post-236135","1":"post","2":"type-post","3":"status-publish","4":"format-standard","5":"has-post-thumbnail","7":"category-actualites","8":"tag-17","9":"tag-actualites","10":"tag-des","11":"tag-evacuations","12":"tag-faits-divers-justice","13":"tag-fr","14":"tag-france","15":"tag-incendie","16":"tag-marseille","17":"tag-mer","18":"tag-news","19":"tag-par","20":"tag-partir"},"share_on_mastodon":{"url":"https:\/\/pubeurope.com\/@fr\/114819862625523670","error":""},"_links":{"self":[{"href":"https:\/\/www.europesays.com\/fr\/wp-json\/wp\/v2\/posts\/236135","targetHints":{"allow":["GET"]}}],"collection":[{"href":"https:\/\/www.europesays.com\/fr\/wp-json\/wp\/v2\/posts"}],"about":[{"href":"https:\/\/www.europesays.com\/fr\/wp-json\/wp\/v2\/types\/post"}],"author":[{"embeddable":true,"href":"https:\/\/www.europesays.com\/fr\/wp-json\/wp\/v2\/users\/2"}],"replies":[{"embeddable":true,"href":"https:\/\/www.europesays.com\/fr\/wp-json\/wp\/v2\/comments?post=236135"}],"version-history":[{"count":0,"href":"https:\/\/www.europesays.com\/fr\/wp-json\/wp\/v2\/posts\/236135\/revisions"}],"wp:featuredmedia":[{"embeddable":true,"href":"https:\/\/www.europesays.com\/fr\/wp-json\/wp\/v2\/media\/236136"}],"wp:attachment":[{"href":"https:\/\/www.europesays.com\/fr\/wp-json\/wp\/v2\/media?parent=236135"}],"wp:term":[{"taxonomy":"category","embeddable":true,"href":"https:\/\/www.europesays.com\/fr\/wp-json\/wp\/v2\/categories?post=236135"},{"taxonomy":"post_tag","embeddable":true,"href":"https:\/\/www.europesays.com\/fr\/wp-json\/wp\/v2\/tags?post=236135"}],"curies":[{"name":"wp","href":"https:\/\/api.w.org\/{rel}","templated":true}]}}