{"id":236143,"date":"2025-07-08T22:05:14","date_gmt":"2025-07-08T22:05:14","guid":{"rendered":"https:\/\/www.europesays.com\/fr\/236143\/"},"modified":"2025-07-08T22:05:14","modified_gmt":"2025-07-08T22:05:14","slug":"a-la-garde-suivez-le-chemin-des-paysages","status":"publish","type":"post","link":"https:\/\/www.europesays.com\/fr\/236143\/","title":{"rendered":"\u00c0 La Garde, suivez le Chemin des paysages !"},"content":{"rendered":"<p>                    <img loading=\"lazy\" decoding=\"async\" src=\"https:\/\/www.europesays.com\/fr\/wp-content\/uploads\/2025\/07\/e43cece7a5c31a0fe23bf7b4506779.jpg\" class=\"img-responsive post-image\" width=\"680\" height=\"510\" alt=\"\u00c0 La Garde, suivez le (\u2026)\" title=\"\u00c0 La Garde, suivez le Chemin des paysages !\"\/><\/p>\n<p class=\"chapo\">La Ville de La Garde a inaugur\u00e9 le Chemin des paysages, un projet ambitieux de valorisation du patrimoine naturel local.<\/p>\n<p>\u00c0 cette occasion, le maire <strong>H\u00e9l\u00e8ne Arnaud-Bill et Sophie Ourdouilli\u00e9<\/strong>, adjointe \u00e0 l\u2019environnement, au d\u00e9veloppement durable et au cadre de vie, ont effectu\u00e9 une randonn\u00e9e guid\u00e9e en compagnie d\u2019un animateur de l\u2019Amicale la\u00efque, section randonn\u00e9e. Con\u00e7u comme une v\u00e9ritable immersion au c\u0153ur des paysages locaux, ce parcours, gratuit, balis\u00e9 et accessible toute l\u2019ann\u00e9e, invite les habitants et visiteurs \u00e0 explorer la biodiversit\u00e9, la richesse paysag\u00e8re et le patrimoine naturel de la cit\u00e9 du Rocher.<\/p>\n<p>PARCOURS P\u00c9DAGOGIQUES<\/p>\n<p> \u00ab\u00a0Avec le Chemin des paysages, nous voulons reconnecter chacun \u00e0 son environnement, en mettant en lumi\u00e8re la beaut\u00e9 de notre territoire et en sensibilisant \u00e0 sa pr\u00e9servation\u00a0\u00bb, a soulign\u00e9 Sophie Ourdouilli\u00e9.<br class=\"autobr\"\/><br \/>\nLe Chemin des paysages se veut aussi p\u00e9dagogique avec des panneaux informatifs qui jalonnent les circuits pour offrir un \u00e9clairage sur la faune, la flore, et les sp\u00e9cificit\u00e9s des paysages travers\u00e9s. Con\u00e7us pour tous les publics, ils encouragent une approche ludique, \u00e9ducative et respectueuse de l\u2019environnement. Avec ce projet, la Ville confirme son engagement en faveur d\u2019un cadre de vie durable et d\u2019une nature accessible \u00e0 tous, en conciliant loisirs, d\u00e9couverte et sensibilisation.<\/p>\n<p>Deux premiers itin\u00e9raires \u00e0 d\u00e9couvrir <\/p>\n<p>Le projet propose \u00e0 terme cinq circuits p\u00e9destres, totalisant 24 kilom\u00e8tres de sentiers entre mer, collines et for\u00eat. <br class=\"autobr\"\/><br \/>\nDeux parcours sont d\u2019ores et d\u00e9j\u00e0 ouverts, au d\u00e9part du parking de la Noria, avenue de la Paix.<br \/>\n<br \/><b>\u2013<\/b>\u00a0<strong>Le Chemin des oliviers, vue sur mer (4,3 km \u2013 1h)<\/strong><br class=\"autobr\"\/><br \/>\nCe sentier proven\u00e7al plonge les marcheurs dans l\u2019univers des oliviers sauvages, symboles mill\u00e9naires du pourtour m\u00e9diterran\u00e9en. Leur tronc noueux et leurs feuilles argent\u00e9es bordent le chemin jusqu\u2019au Rocher et \u00e0 l\u2019Espace nature d\u00e9partemental du Plan, offrant un panorama saisissant.<br \/>\n<br \/><b>\u2013<\/b>\u00a0<strong>Le Chemin du pin parasol, sur le toit de La Garde (5,2 km \u2013 1h15)<\/strong><br class=\"autobr\"\/><br \/>\n\u00c0 travers la grande boucle du Thouars, les promeneurs d\u00e9couvrent le pin parasol, arbre typique des for\u00eats m\u00e9diterran\u00e9ennes. Sa silhouette en d\u00f4me abrite un \u00e9cosyst\u00e8me riche, et pour les plus curieux, une vue imprenable sur la M\u00e9diterran\u00e9e et ses \u00eeles attend au sommet.<br class=\"autobr\"\/><br \/>\nLe d\u00e9part des randonn\u00e9es se fait \u00e0 partir du parking de la Noria, avenue de la Paix.<\/p>\n<p>Photo de Une \u00a9PRESSE AGENCE.<\/p>\n","protected":false},"excerpt":{"rendered":"La Ville de La Garde a inaugur\u00e9 le Chemin des paysages, un projet ambitieux de valorisation du patrimoine&hellip;\n","protected":false},"author":2,"featured_media":236144,"comment_status":"","ping_status":"","sticky":false,"template":"","format":"standard","meta":{"footnotes":""},"categories":[9619],"tags":[1111,11,2408,1777,674,1011,27,12,882,25,2310],"class_list":{"0":"post-236143","1":"post","2":"type-post","3":"status-publish","4":"format-standard","5":"has-post-thumbnail","7":"category-toulon","8":"tag-actu","9":"tag-actualites","10":"tag-appels-d","11":"tag-eu","12":"tag-europe","13":"tag-fr","14":"tag-france","15":"tag-news","16":"tag-provence-alpes-cote-dazur","17":"tag-republique-francaise","18":"tag-toulon"},"share_on_mastodon":{"url":"https:\/\/pubeurope.com\/@fr\/114819886254162264","error":""},"_links":{"self":[{"href":"https:\/\/www.europesays.com\/fr\/wp-json\/wp\/v2\/posts\/236143","targetHints":{"allow":["GET"]}}],"collection":[{"href":"https:\/\/www.europesays.com\/fr\/wp-json\/wp\/v2\/posts"}],"about":[{"href":"https:\/\/www.europesays.com\/fr\/wp-json\/wp\/v2\/types\/post"}],"author":[{"embeddable":true,"href":"https:\/\/www.europesays.com\/fr\/wp-json\/wp\/v2\/users\/2"}],"replies":[{"embeddable":true,"href":"https:\/\/www.europesays.com\/fr\/wp-json\/wp\/v2\/comments?post=236143"}],"version-history":[{"count":0,"href":"https:\/\/www.europesays.com\/fr\/wp-json\/wp\/v2\/posts\/236143\/revisions"}],"wp:featuredmedia":[{"embeddable":true,"href":"https:\/\/www.europesays.com\/fr\/wp-json\/wp\/v2\/media\/236144"}],"wp:attachment":[{"href":"https:\/\/www.europesays.com\/fr\/wp-json\/wp\/v2\/media?parent=236143"}],"wp:term":[{"taxonomy":"category","embeddable":true,"href":"https:\/\/www.europesays.com\/fr\/wp-json\/wp\/v2\/categories?post=236143"},{"taxonomy":"post_tag","embeddable":true,"href":"https:\/\/www.europesays.com\/fr\/wp-json\/wp\/v2\/tags?post=236143"}],"curies":[{"name":"wp","href":"https:\/\/api.w.org\/{rel}","templated":true}]}}