{"id":236161,"date":"2025-07-08T22:14:36","date_gmt":"2025-07-08T22:14:36","guid":{"rendered":"https:\/\/www.europesays.com\/fr\/236161\/"},"modified":"2025-07-08T22:14:36","modified_gmt":"2025-07-08T22:14:36","slug":"un-ancien-joueur-de-rennes-arrive-a-fougeres","status":"publish","type":"post","link":"https:\/\/www.europesays.com\/fr\/236161\/","title":{"rendered":"un ancien joueur de Rennes arrive \u00e0 Foug\u00e8res"},"content":{"rendered":"<p>            Par<br \/>\n        <strong><br \/>\n            <a href=\"https:\/\/actu.fr\/auteur\/benoit-fouque\" title=\"Consulter tous les articles de Benoit Fouque\" target=\"_blank\" rel=\"noopener\">Benoit Fouque<\/a><br \/>\n        <\/strong><\/p>\n<p>        Publi\u00e9 le<\/p>\n<p>            8 juil. 2025 \u00e0 18h42        <\/p>\n<p>Et de deux. <a href=\"https:\/\/actu.fr\/tag\/pays-de-fougeres-basket\" target=\"_blank\" rel=\"noopener\">Pays de Foug\u00e8res basket<\/a>\u00a0annonce l\u2019arriv\u00e9e d\u2019un deuxi\u00e8me nouveau joueur dans son effectif pour la saison <b>2025-2026<\/b>.<\/p>\n<p class=\" wall-content\"><b>Lundi 7 juillet<\/b>, le PFB a d\u00e9voil\u00e9 l\u2019identit\u00e9 de sa premi\u00e8re recrue. Il s\u2019agit de Kilian Incr\u00e9dule. \u00c2g\u00e9 de 29 ans, ce meneur (poste 1) de 1,75m, natif de<b> Dinan<\/b>, \u00e9voluait l\u2019an pass\u00e9 \u00e0 <b>Mulhouse<\/b>, avec qui il a disput\u00e9 la finale de play-offs perdue contre <b>Challans<\/b> pour la mont\u00e9e en <b>Pro B<\/b>.<\/p>\n<p>Au poste 2-1<\/p>\n<p class=\" wall-content\">Kilian Incr\u00e9dule a disput\u00e9 48 matches sous le maillot alsacien. En saison r\u00e9guli\u00e8re, il a marqu\u00e9 en moyenne 9,3 points, r\u00e9alis\u00e9 4,4 rebonds et fait 4,9 passes d\u00e9cisives. Le Breton a aussi port\u00e9 le maillot de l\u2019<b>Aurore de Vitr\u00e9<\/b> de 2022 \u00e0 2024.<\/p>\n<p>    <a href=\"https:\/\/www.facebook.com\/plugins\/post.php?href=https%3A%2F%2Fwww.facebook.com%2FPaysDeFougeresBasket%2Fposts%2Fpfbid0Pf4cUiMjqSAPxEWpiAV6kTGabJ2v2i5tpaRVSENTh7N2JGeA6GZpfV9DY5RHsNnLl&amp;show_text=true&amp;width=350\" title=\"Ouvrie le lien\" target=\"_blank\" rel=\"noopener\">Cliquez ici pour visualiser le contenu<\/a><\/p>\n<p class=\" wall-content\"><b>Mardi 8 juillet<\/b>, le PFB a annonc\u00e9 l\u2019arriv\u00e9e de\u00a0Cl\u00e9ment Poncet-Leberre. \u00c2g\u00e9 de 30 ans, ce joueur de 1,85m \u00e9voluant au poste 2-1 a port\u00e9 le maillot de l\u2019<b>Union Rennes basket (Nationale 1)<\/b> de 2019 \u00e0 2024. Il \u00e9voluait la saison derni\u00e8re \u00e0 <b>Rennes PA<\/b> en <b>Nationale 2<\/b>. Auparavant, le n\u00e9o-Fougerais a jou\u00e9 au <b>CFJ Saint-Malo (Pr\u00e9nationale et Nationale 3)<\/b>.<\/p>\n<p>Vid\u00e9os : en ce moment sur Actu<\/p>\n<p class=\" wall-content\">Suivez toute l\u2019actualit\u00e9 de vos villes et m\u00e9dias favoris en vous inscrivant \u00e0 <a href=\"https:\/\/moncompte.actu.fr\" title=\"D\u00e9couvez Mon Actu\" rel=\"nofollow noopener\" data-trk=\"{&quot;cta&quot;:{&quot;action&quot;:&quot;https:\\\/\\\/moncompte.actu.fr&quot;,&quot;category&quot;:&quot;mon compte&quot;,&quot;from&quot;:&quot;article footer&quot;,&quot;name&quot;:&quot;Mon actu&quot;,&quot;type&quot;:&quot;cta&quot;}}\" target=\"_blank\">Mon Actu<\/a>.<\/p>\n<ul class=\"ac-article-tag wall-content\">\n<li><a href=\"https:\/\/actu.fr\/tag\/pays-de-fougeres-basket\" data-trk=\"{&quot;cta&quot;:{&quot;action&quot;:&quot;Pays de Foug\\u00e8res basket&quot;,&quot;category&quot;:&quot;tag&quot;,&quot;from&quot;:&quot;article footer&quot;,&quot;name&quot;:&quot;Pays de Foug\\u00e8res basket&quot;,&quot;type&quot;:&quot;cta&quot;}}\" target=\"_blank\" rel=\"noopener\">#Pays de Foug\u00e8res basket<\/a><\/li>\n<\/ul>\n","protected":false},"excerpt":{"rendered":"Par Benoit Fouque Publi\u00e9 le 8 juil. 2025 \u00e0 18h42 Et de deux. Pays de Foug\u00e8res basket\u00a0annonce l\u2019arriv\u00e9e&hellip;\n","protected":false},"author":2,"featured_media":236162,"comment_status":"","ping_status":"","sticky":false,"template":"","format":"standard","meta":{"footnotes":""},"categories":[2821],"tags":[1111,11,1465,829,1777,674,1011,27,12,25697,584,25,60],"class_list":{"0":"post-236161","1":"post","2":"type-post","3":"status-publish","4":"format-standard","5":"has-post-thumbnail","7":"category-rennes","8":"tag-actu","9":"tag-actualites","10":"tag-basket","11":"tag-bretagne","12":"tag-eu","13":"tag-europe","14":"tag-fr","15":"tag-france","16":"tag-news","17":"tag-pays-de-fougeres-basket","18":"tag-rennes","19":"tag-republique-francaise","20":"tag-sports"},"share_on_mastodon":{"url":"https:\/\/pubeurope.com\/@fr\/114819921991599393","error":""},"_links":{"self":[{"href":"https:\/\/www.europesays.com\/fr\/wp-json\/wp\/v2\/posts\/236161","targetHints":{"allow":["GET"]}}],"collection":[{"href":"https:\/\/www.europesays.com\/fr\/wp-json\/wp\/v2\/posts"}],"about":[{"href":"https:\/\/www.europesays.com\/fr\/wp-json\/wp\/v2\/types\/post"}],"author":[{"embeddable":true,"href":"https:\/\/www.europesays.com\/fr\/wp-json\/wp\/v2\/users\/2"}],"replies":[{"embeddable":true,"href":"https:\/\/www.europesays.com\/fr\/wp-json\/wp\/v2\/comments?post=236161"}],"version-history":[{"count":0,"href":"https:\/\/www.europesays.com\/fr\/wp-json\/wp\/v2\/posts\/236161\/revisions"}],"wp:featuredmedia":[{"embeddable":true,"href":"https:\/\/www.europesays.com\/fr\/wp-json\/wp\/v2\/media\/236162"}],"wp:attachment":[{"href":"https:\/\/www.europesays.com\/fr\/wp-json\/wp\/v2\/media?parent=236161"}],"wp:term":[{"taxonomy":"category","embeddable":true,"href":"https:\/\/www.europesays.com\/fr\/wp-json\/wp\/v2\/categories?post=236161"},{"taxonomy":"post_tag","embeddable":true,"href":"https:\/\/www.europesays.com\/fr\/wp-json\/wp\/v2\/tags?post=236161"}],"curies":[{"name":"wp","href":"https:\/\/api.w.org\/{rel}","templated":true}]}}