{"id":236163,"date":"2025-07-08T22:15:40","date_gmt":"2025-07-08T22:15:40","guid":{"rendered":"https:\/\/www.europesays.com\/fr\/236163\/"},"modified":"2025-07-08T22:15:40","modified_gmt":"2025-07-08T22:15:40","slug":"on-connait-la-date-et-le-concert-de-reouverture-de-la-laiterie-2-0","status":"publish","type":"post","link":"https:\/\/www.europesays.com\/fr\/236163\/","title":{"rendered":"on conna\u00eet la date et le concert de r\u00e9ouverture de La Laiterie 2.0"},"content":{"rendered":"<p>    <img loading=\"lazy\" width=\"1800\" height=\"900\" src=\"https:\/\/www.europesays.com\/fr\/wp-content\/uploads\/2025\/04\/jeanne-callthepolice.jpg\" class=\"attachment-full size-full\" alt=\"\" id=\"imageLove\" decoding=\"async\"  \/><\/p>\n<p id=\"breadcrumbs\"><a href=\"https:\/\/pokaa.fr\/\" target=\"_blank\" rel=\"noopener\">Accueil<\/a> \/ <a href=\"https:\/\/pokaa.fr\/categories\/ses-sorties\/\" target=\"_blank\" rel=\"noopener\">Sorties<\/a> \/ Strasbourg : on conna\u00eet la date et le concert de r\u00e9ouverture de La Laiterie 2.0<\/p>\n<p>                    Sorties<\/p>\n<p class=\"p1\"><b>Le 24 avril 2026, La Laiterie accueillera son premier concert dans ses nouveaux locaux. En travaux depuis un an, la salle mythique recevra le groupe Last Train pour f\u00eater sa r\u00e9ouverture. Et bonne nouvelle : les billets sont accessibles depuis ce matin !<\/b><\/p>\n<p>La Laiterie n\u2019a jamais \u00e9t\u00e9 aussi proche de voir ses lumi\u00e8res se rallumer. En travaux depuis juillet 2024, la mythique salle de concert strasbourgeoise se transforme <b>pour accueillir les Strasbourgeois(es) sur une toute nouvelle sc\u00e8ne, d\u2019une jauge de 1 164 personnes contre 870 actuellement<\/b>.<\/p>\n<p>Un changement accompagn\u00e9 par <strong>un agrandissement des gradins, un nouvel espace fumeur et une nouvelle entr\u00e9e,<\/strong> au sein de l\u2019ancien Hall de la vache.<\/p>\n<p>                <a href=\"https:\/\/pokaa.fr\/2024\/03\/27\/strasbourg-la-laiterie\/\" target=\"_blank\" rel=\"noopener\"><br \/>\n                    <img width=\"450\" height=\"270\" src=\"https:\/\/www.europesays.com\/fr\/wp-content\/uploads\/2025\/06\/laiterie-weber-keiling-associes-450x270.png\" class=\"attachment-card-horizontal--same-subject size-card-horizontal--same-subject wp-post-image\" alt=\"\" decoding=\"async\" loading=\"lazy\"\/>                <\/a><\/p>\n<p class=\"p1\">Mais il est d\u00e9sormais l\u2019heure de pr\u00e9parer la r\u00e9ouverture et de donner de bonnes nouvelles aux impatient(e)s pr\u00eat(e)s \u00e0 se d\u00e9hancher \u00e0 nouveau. <b>C\u2019est chose faite ce lundi 7 juillet, avec La Laiterie Artefact annon\u00e7ant la date du concert de r\u00e9ouverture, le 24 avril 2026<\/b>. Avec une t\u00eate d\u2019affiche bien connue des Strasbourgeois(es).<\/p>\n<p>    <img width=\"800\" height=\"457\" src=\"https:\/\/www.europesays.com\/fr\/wp-content\/uploads\/2025\/07\/laiterie-800x457.png\" class=\"attachment-image-size-L size-image-size-L\" alt=\"Laiterie\" decoding=\"async\" loading=\"lazy\"  \/>         \u00a9 Weber Keiling associes \/ Document remis <\/p>\n<p>Last Train comme premier concert dans la nouvelle Laiterie<\/p>\n<p class=\"p1\">Fin du suspens : <b>c\u2019est le groupe de rock alsacien Last Train qui sera la premi\u00e8re t\u00eate d\u2019affiche de la toute nouvelle Laiterie<\/b>. Ayant sorti son nouvel album III en 2025, le groupe est \u00e0 nouveau pr\u00eat \u00e0 enflammer la sc\u00e8ne strasbourgeoise apr\u00e8s y avoir fait d\u00e9j\u00e0 plusieurs fois trembler les murs.<\/p>\n<p class=\"p1\">Le 24 avril prochain, <b>les retrouvailles s\u2019annoncent \u00e9lectriques entre un public au taquet et un groupe qui ne manque jamais une occasion de faire le show<\/b>. Il restera encore des petites surprises, comme l\u2019annonce de la premi\u00e8re partie, encore tenue secr\u00e8te.<\/p>\n<\/p>\n<p>    <img width=\"800\" height=\"444\" src=\"https:\/\/www.europesays.com\/fr\/wp-content\/uploads\/2025\/07\/05-last-train-credits-remi-gettliffe-800x444.jpg\" class=\"attachment-image-size-L size-image-size-L\" alt=\"Last Train\" decoding=\"async\" loading=\"lazy\"  \/>         \u00a9 R\u00e9mi Gettliffe \/ Document remis <\/p>\n<p class=\"p1\">L\u2019occasion de c\u00e9l\u00e9brer pr\u00e8s de 15 ans de carri\u00e8re du groupe, <b>mais \u00e9galement le d\u00e9but d\u2019une nouvelle histoire, dans un Strasbourg qui b\u00e9n\u00e9ficie \u00e0 nouveau d\u2019une vraie belle sc\u00e8ne de concert<\/b> [le Z\u00e9nith est \u00e0 Eckbolsheim, ndlr]. Et bonne nouvelle pour les plus impatient(e)s : les billets sont disponibles depuis ce matin, <a href=\"https:\/\/www.artefact.org\/la-laiterie\/evenements\/last-train-1ere-partie\/\" target=\"_blank\" rel=\"noopener\">en suivant ce lien<\/a>.<\/p>\n<p class=\"p1\">Il ne reste d\u00e9sormais plus qu\u2019\u00e0 attendre la r\u00e9ouverture de La Laiterie, dans un moment qui sera \u00e0 coup s\u00fbr festif, <b>et qui restera dans l\u2019histoire d\u2019une salle de concert forte de plus de 30 ans d\u2019\u00e9motions<\/b>. On a h\u00e2te, et il ne faudra pas manquer le dernier train !<\/p>\n<p>            Last Train &#8211; R\u00e9ouverture de La Laiterie<\/p>\n<p>            Quoi ? <\/p>\n<p>Concert inaugural de la nouvelle Laiterie r\u00e9nov\u00e9e<\/p>\n<p>                Quand ?<\/p>\n<p>24 avril 2026, \u00e0 partir de 19h30<\/p>\n<p>            o\u00f9 ?<\/p>\n<p>La Laiterie, 15-17 rue du Hohwald, \u00e0 Strasbourg<\/p>\n<p>                Plus d&rsquo;infos ?<\/p>\n<p><a href=\"https:\/\/www.artefact.org\/la-laiterie\/evenements\/last-train-1ere-partie\/\" target=\"_blank\" rel=\"noopener\">Billetterie<\/a><\/p>\n<p>                <img width=\"901\" height=\"500\" src=\"https:\/\/www.europesays.com\/fr\/wp-content\/uploads\/2025\/07\/05-last-train-credits-remi-gettliffe-901x500.jpg\" class=\"attachment-gallery size-gallery\" alt=\"Last Train\" data-full-url=\"https:\/\/pokaa.fr\/wp-content\/uploads\/2025\/07\/07\/05-last-train-credits-remi-gettliffe.jpg\" decoding=\"async\" loading=\"lazy\"  \/>            <\/p>\n<p>                <img width=\"1211\" height=\"500\" src=\"https:\/\/www.europesays.com\/fr\/wp-content\/uploads\/2025\/07\/laiterie-weber-keiling-associes-1211x500.png\" class=\"attachment-gallery size-gallery\" alt=\"Laiterie \u2013 \u00a9Weber Keiling associes\/ Document remis\" data-full-url=\"https:\/\/pokaa.fr\/wp-content\/uploads\/2024\/03\/27\/laiterie-weber-keiling-associes-1500x619.png\" decoding=\"async\" loading=\"lazy\"  \/>            <\/p>\n<p>                    \u00a9 Re\u0301mi Gettliffe \/ Document remis<\/p>\n","protected":false},"excerpt":{"rendered":"Accueil \/ Sorties \/ Strasbourg : on conna\u00eet la date et le concert de r\u00e9ouverture de La Laiterie&hellip;\n","protected":false},"author":2,"featured_media":236164,"comment_status":"","ping_status":"","sticky":false,"template":"","format":"standard","meta":{"footnotes":""},"categories":[2820],"tags":[1111,11,251,1777,674,1011,27,775,29236,37508,12,25,640],"class_list":{"0":"post-236163","1":"post","2":"type-post","3":"status-publish","4":"format-standard","5":"has-post-thumbnail","7":"category-strasbourg","8":"tag-actu","9":"tag-actualites","10":"tag-culture","11":"tag-eu","12":"tag-europe","13":"tag-fr","14":"tag-france","15":"tag-grand-est","16":"tag-laiterie","17":"tag-last-train","18":"tag-news","19":"tag-republique-francaise","20":"tag-strasbourg"},"share_on_mastodon":{"url":"https:\/\/pubeurope.com\/@fr\/114819925922692376","error":""},"_links":{"self":[{"href":"https:\/\/www.europesays.com\/fr\/wp-json\/wp\/v2\/posts\/236163","targetHints":{"allow":["GET"]}}],"collection":[{"href":"https:\/\/www.europesays.com\/fr\/wp-json\/wp\/v2\/posts"}],"about":[{"href":"https:\/\/www.europesays.com\/fr\/wp-json\/wp\/v2\/types\/post"}],"author":[{"embeddable":true,"href":"https:\/\/www.europesays.com\/fr\/wp-json\/wp\/v2\/users\/2"}],"replies":[{"embeddable":true,"href":"https:\/\/www.europesays.com\/fr\/wp-json\/wp\/v2\/comments?post=236163"}],"version-history":[{"count":0,"href":"https:\/\/www.europesays.com\/fr\/wp-json\/wp\/v2\/posts\/236163\/revisions"}],"wp:featuredmedia":[{"embeddable":true,"href":"https:\/\/www.europesays.com\/fr\/wp-json\/wp\/v2\/media\/236164"}],"wp:attachment":[{"href":"https:\/\/www.europesays.com\/fr\/wp-json\/wp\/v2\/media?parent=236163"}],"wp:term":[{"taxonomy":"category","embeddable":true,"href":"https:\/\/www.europesays.com\/fr\/wp-json\/wp\/v2\/categories?post=236163"},{"taxonomy":"post_tag","embeddable":true,"href":"https:\/\/www.europesays.com\/fr\/wp-json\/wp\/v2\/tags?post=236163"}],"curies":[{"name":"wp","href":"https:\/\/api.w.org\/{rel}","templated":true}]}}