{"id":236165,"date":"2025-07-08T22:16:19","date_gmt":"2025-07-08T22:16:19","guid":{"rendered":"https:\/\/www.europesays.com\/fr\/236165\/"},"modified":"2025-07-08T22:16:19","modified_gmt":"2025-07-08T22:16:19","slug":"strasbourg-des-diplomes-a-la-maison-darret-de-quoi-restaurer-une-estime-de-soi-2","status":"publish","type":"post","link":"https:\/\/www.europesays.com\/fr\/236165\/","title":{"rendered":"Strasbourg. Des dipl\u00f4mes \u00e0 la maison d\u2019arr\u00eat, de quoi \u00ab\u00a0restaurer une estime de soi\u00a0\u00bb"},"content":{"rendered":"<p>L\u2019\u00e9ducation est vecteur d\u2019\u00e9mancipation, et elle l\u2019est particuli\u00e8rement lorsque des d\u00e9tenus mettent \u00e0 profit leur temps d\u2019incarc\u00e9ration pour valider des comp\u00e9tences ou passer des examens, a rappel\u00e9 Laurent Blanchard, responsable local de l\u2019enseignement \u00e0 la maison d\u2019arr\u00eat de Strasbourg, ce mardi 8\u00a0juillet, en pr\u00e9ambule de la remise annuelle des dipl\u00f4mes de l\u2019\u00c9ducation nationale, \u00ab\u00a0un moment toujours particulier et \u00e9mouvant\u00a0\u00bb.<\/p>\n<p>Rassembl\u00e9s dans la salle polyvalente de l\u2019\u00e9tablissement, une trentaine d\u2019hommes et de femmes d\u2019\u00e2ges tr\u00e8s divers (sur la quarantaine de dipl\u00f4m\u00e9s en 2025) sont pass\u00e9s devant le recteur d\u2019acad\u00e9mie <a href=\"https:\/\/www.dna.fr\/education\/2024\/06\/26\/olivier-klein-nomme-recteur-a-strasbourg\" target=\"_blank\" rel=\"nofollow noopener\">Olivier Klein<\/a> et le repr\u00e9sentant permanent de la France au Conseil de l\u2019Europe, ancien ministre de l\u2019\u00c9ducation nationale, <\/p>\n","protected":false},"excerpt":{"rendered":"L\u2019\u00e9ducation est vecteur d\u2019\u00e9mancipation, et elle l\u2019est particuli\u00e8rement lorsque des d\u00e9tenus mettent \u00e0 profit leur temps d\u2019incarc\u00e9ration pour&hellip;\n","protected":false},"author":2,"featured_media":235917,"comment_status":"","ping_status":"","sticky":false,"template":"","format":"standard","meta":{"footnotes":""},"categories":[2820],"tags":[1111,11,2389,2649,2880,1057,1777,674,274,107,1011,27,775,12,25,4604,104,640,2879],"class_list":{"0":"post-236165","1":"post","2":"type-post","3":"status-publish","4":"format-standard","5":"has-post-thumbnail","7":"category-strasbourg","8":"tag-actu","9":"tag-actualites","10":"tag-alsace","11":"tag-bas-rhin","12":"tag-edition-strasbourg","13":"tag-education","14":"tag-eu","15":"tag-europe","16":"tag-faits-divers-justice","17":"tag-fil-info","18":"tag-fr","19":"tag-france","20":"tag-grand-est","21":"tag-news","22":"tag-republique-francaise","23":"tag-selection-abonne","24":"tag-societe","25":"tag-strasbourg","26":"tag-strasbourg-ville"},"share_on_mastodon":{"url":"https:\/\/pubeurope.com\/@fr\/114819929770868202","error":""},"_links":{"self":[{"href":"https:\/\/www.europesays.com\/fr\/wp-json\/wp\/v2\/posts\/236165","targetHints":{"allow":["GET"]}}],"collection":[{"href":"https:\/\/www.europesays.com\/fr\/wp-json\/wp\/v2\/posts"}],"about":[{"href":"https:\/\/www.europesays.com\/fr\/wp-json\/wp\/v2\/types\/post"}],"author":[{"embeddable":true,"href":"https:\/\/www.europesays.com\/fr\/wp-json\/wp\/v2\/users\/2"}],"replies":[{"embeddable":true,"href":"https:\/\/www.europesays.com\/fr\/wp-json\/wp\/v2\/comments?post=236165"}],"version-history":[{"count":0,"href":"https:\/\/www.europesays.com\/fr\/wp-json\/wp\/v2\/posts\/236165\/revisions"}],"wp:featuredmedia":[{"embeddable":true,"href":"https:\/\/www.europesays.com\/fr\/wp-json\/wp\/v2\/media\/235917"}],"wp:attachment":[{"href":"https:\/\/www.europesays.com\/fr\/wp-json\/wp\/v2\/media?parent=236165"}],"wp:term":[{"taxonomy":"category","embeddable":true,"href":"https:\/\/www.europesays.com\/fr\/wp-json\/wp\/v2\/categories?post=236165"},{"taxonomy":"post_tag","embeddable":true,"href":"https:\/\/www.europesays.com\/fr\/wp-json\/wp\/v2\/tags?post=236165"}],"curies":[{"name":"wp","href":"https:\/\/api.w.org\/{rel}","templated":true}]}}