{"id":236180,"date":"2025-07-08T22:24:17","date_gmt":"2025-07-08T22:24:17","guid":{"rendered":"https:\/\/www.europesays.com\/fr\/236180\/"},"modified":"2025-07-08T22:24:17","modified_gmt":"2025-07-08T22:24:17","slug":"tentative-dassassinat-pres-de-toulouse-en-pleine-nuit-il-reveille-son-pere-a-coups-de-couteau-et-de-hache","status":"publish","type":"post","link":"https:\/\/www.europesays.com\/fr\/236180\/","title":{"rendered":"Tentative d&rsquo;assassinat pr\u00e8s de Toulouse. En pleine nuit, il r\u00e9veille son p\u00e8re \u00e0 coups de couteau et de hache"},"content":{"rendered":"<p>            Par<br \/>\n        <strong><br \/>\n            <a href=\"https:\/\/actu.fr\/auteur\/mareva-laville-actu-fr\" title=\"Consulter tous les articles de Mar\u00e9va Laville\" rel=\"nofollow noopener\" target=\"_blank\">Mar\u00e9va Laville<\/a><br \/>\n        <\/strong><\/p>\n<p>        Publi\u00e9 le<\/p>\n<p>            8 juil. 2025 \u00e0 17h55        <\/p>\n<p>C\u2019est une nuit qui marquera l\u2019histoire familiale. Le soleil s\u2019\u00e9tait couch\u00e9 depuis un bon moment ce dimanche 6\u00a0juillet 2025 dans la commune de <strong>Bragayrac<\/strong>, au sud-ouest de <a href=\"http:\/\/www.actu.fr\/toulouse\" rel=\"nofollow noopener\" target=\"_blank\">Toulouse<\/a>. Un couple d\u2019habitants aussi. Mais pendant leur sommeil, dans la nuit de ce dimanche au lundi 7\u00a0juillet, leur fils s\u2019est point\u00e9 muni d\u2019un <strong>couteau<\/strong> et d\u2019une <strong>hache<\/strong>, selon <a href=\"https:\/\/www.ladepeche.fr\/2025\/07\/08\/info-la-depeche-tentative-dassassinat-pres-de-toulouse-le-fils-dune-famille-de-temoins-de-jehovah-tente-de-decapiter-son-pere-12812975.php\" rel=\"nofollow noopener\" target=\"_blank\">une information de La D\u00e9p\u00eache du Midi <\/a>qu\u2019Actu Toulouse est en mesure de confirmer.<\/p>\n<p>    <a href=\"https:\/\/www.google.com\/maps\/embed?pb=!1m18!1m12!1m3!1d571286.7548469882!2d0.39693518593736854!3d43.45736171976788!2m3!1f0!2f0!3f0!3m2!1i1024!2i768!4f13.1!3m3!1m2!1s0x12a948101fe46e7f%3A0x406f69c2f412d30!2sBragayrac!5e1!3m2!1sfr!2sfr!4v1751989004505!5m2!1sfr!2sfr\" title=\"Ouvrie le lien\" rel=\"nofollow noopener\" target=\"_blank\">Cliquez ici pour visualiser le contenu<\/a><\/p>\n<p>Des coups de couteau et de hache sur son p\u00e8re<\/p>\n<p class=\" wall-content\">\u00ab\u2009Il a port\u00e9 plusieurs <strong>coups de couteau \u00e0 son p\u00e8re<\/strong> ainsi qu\u2019\u00e0 sa belle-m\u00e8re qui essayait de le prot\u00e9ger\u2009\u00bb, d\u00e9taille le vice-procureur de la R\u00e9publique de Toulouse. Dans un \u00e9lan de col\u00e8re, le jeune homme \u00e2g\u00e9 de 21\u00a0ans a \u00e9galement port\u00e9 \u00ab\u2009un <strong>coup de hache sur la t\u00eate<\/strong> de son p\u00e8re\u2009\u00bb, ajoute le parquet de Toulouse.<\/p>\n<p class=\" wall-content\">Gri\u00e8vement bless\u00e9es, les deux victimes ont \u00e9t\u00e9 secourues par les pompiers. Le p\u00e8re et la belle-m\u00e8re du jeune effr\u00e9n\u00e9 \u00ab\u2009sont vivants\u2009\u00bb, affirme le vice-procureur de Toulouse.<\/p>\n<p>La pr\u00e9m\u00e9ditation retenue<\/p>\n<p class=\" wall-content\">Plac\u00e9 <strong>en garde \u00e0 vue<\/strong>, le fiston de 21\u00a0ans a reconnu les faits ainsi que la <strong>pr\u00e9m\u00e9ditation<\/strong>. \u00ab\u2009Il vivait dans un contexte familial tr\u00e8s compliqu\u00e9\u2009\u00bb, glisse son avocat Me Joris Morer \u00e0 Actu Toulouse. Il avait alors quitt\u00e9 le domicile familial \u00e0 sa majorit\u00e9.<\/p>\n<p>Vid\u00e9os : en ce moment sur Actu<\/p>\n<p class=\" wall-content\">D\u2019apr\u00e8s une source proche de l\u2019enqu\u00eate, le jeune homme, ins\u00e9r\u00e9, aucunement connu des services de police ni judiciaires, a grandi au sein de la communaut\u00e9 des<strong> T\u00e9moins de J\u00e9hovah<\/strong>, une organisation religieuse internationale regard\u00e9e de pr\u00e8s par la Mission interminist\u00e9rielle de vigilance et de lutte contre les d\u00e9rives sectaires (Miviludes).<\/p>\n<p class=\" wall-content\">Lors de son audition, le suspect a assur\u00e9 souffrir de <strong>probl\u00e8mes psychologiques,<\/strong> pr\u00e9cise le vice-procureur de Toulouse.<\/p>\n<p>Une enqu\u00eate ouverte pour tentative d\u2019assassinat<\/p>\n<p class=\" wall-content\">Il a \u00e9t\u00e9 pr\u00e9sent\u00e9 devant un juge ce mardi 8\u00a0juillet 2025. Le parquet de Toulouse, qui a ouvert une <strong>information judiciaire pour tentative d\u2019assassinat<\/strong>, a requis la d\u00e9tention provisoire. Cette derni\u00e8re sera d\u00e9cid\u00e9e ult\u00e9rieurement par le juge des libert\u00e9s.<\/p>\n<p class=\" wall-content\">Suivez toute l\u2019actualit\u00e9 de vos villes et m\u00e9dias favoris en vous inscrivant \u00e0 <a href=\"https:\/\/moncompte.actu.fr\" title=\"D\u00e9couvez Mon Actu\" rel=\"nofollow noopener\" data-trk=\"{&quot;cta&quot;:{&quot;action&quot;:&quot;https:\\\/\\\/moncompte.actu.fr&quot;,&quot;category&quot;:&quot;mon compte&quot;,&quot;from&quot;:&quot;article footer&quot;,&quot;name&quot;:&quot;Mon actu&quot;,&quot;type&quot;:&quot;cta&quot;}}\" target=\"_blank\">Mon Actu<\/a>.<\/p>\n","protected":false},"excerpt":{"rendered":"Par Mar\u00e9va Laville Publi\u00e9 le 8 juil. 2025 \u00e0 17h55 C\u2019est une nuit qui marquera l\u2019histoire familiale. Le&hellip;\n","protected":false},"author":2,"featured_media":236181,"comment_status":"","ping_status":"","sticky":false,"template":"","format":"standard","meta":{"footnotes":""},"categories":[2816],"tags":[1111,11,1777,674,118,1011,27,3381,303,12,2680,25,2312],"class_list":{"0":"post-236180","1":"post","2":"type-post","3":"status-publish","4":"format-standard","5":"has-post-thumbnail","7":"category-toulouse","8":"tag-actu","9":"tag-actualites","10":"tag-eu","11":"tag-europe","12":"tag-faits-divers","13":"tag-fr","14":"tag-france","15":"tag-gendarmerie","16":"tag-justice","17":"tag-news","18":"tag-occitanie","19":"tag-republique-francaise","20":"tag-toulouse"},"share_on_mastodon":{"url":"https:\/\/pubeurope.com\/@fr\/114819961148280547","error":""},"_links":{"self":[{"href":"https:\/\/www.europesays.com\/fr\/wp-json\/wp\/v2\/posts\/236180","targetHints":{"allow":["GET"]}}],"collection":[{"href":"https:\/\/www.europesays.com\/fr\/wp-json\/wp\/v2\/posts"}],"about":[{"href":"https:\/\/www.europesays.com\/fr\/wp-json\/wp\/v2\/types\/post"}],"author":[{"embeddable":true,"href":"https:\/\/www.europesays.com\/fr\/wp-json\/wp\/v2\/users\/2"}],"replies":[{"embeddable":true,"href":"https:\/\/www.europesays.com\/fr\/wp-json\/wp\/v2\/comments?post=236180"}],"version-history":[{"count":0,"href":"https:\/\/www.europesays.com\/fr\/wp-json\/wp\/v2\/posts\/236180\/revisions"}],"wp:featuredmedia":[{"embeddable":true,"href":"https:\/\/www.europesays.com\/fr\/wp-json\/wp\/v2\/media\/236181"}],"wp:attachment":[{"href":"https:\/\/www.europesays.com\/fr\/wp-json\/wp\/v2\/media?parent=236180"}],"wp:term":[{"taxonomy":"category","embeddable":true,"href":"https:\/\/www.europesays.com\/fr\/wp-json\/wp\/v2\/categories?post=236180"},{"taxonomy":"post_tag","embeddable":true,"href":"https:\/\/www.europesays.com\/fr\/wp-json\/wp\/v2\/tags?post=236180"}],"curies":[{"name":"wp","href":"https:\/\/api.w.org\/{rel}","templated":true}]}}