{"id":236184,"date":"2025-07-08T22:27:08","date_gmt":"2025-07-08T22:27:08","guid":{"rendered":"https:\/\/www.europesays.com\/fr\/236184\/"},"modified":"2025-07-08T22:27:08","modified_gmt":"2025-07-08T22:27:08","slug":"la-nouvelle-expo-du-mucem-nous-met-la-tete-dans-les-etoiles","status":"publish","type":"post","link":"https:\/\/www.europesays.com\/fr\/236184\/","title":{"rendered":"la nouvelle expo du Mucem nous met la t\u00eate dans les \u00e9toiles"},"content":{"rendered":"<p>Des murs bleu profond, une lumi\u00e8re tamis\u00e9e, des \u00e9toiles et des constellations un peu partout. Le ton est donn\u00e9 d\u00e8s l\u2019arriv\u00e9e dans la salle d\u2019exposition. <a href=\"https:\/\/www.laprovence.com\/article\/culture-loisirs\/64628707109144\/pierre-olivier-costa-le-mucem-un-musee-de-societe-et-de-solution\" target=\"_blank\" rel=\"nofollow noopener\">Le nouvel \u00e9v\u00e9nement du Mucem<\/a> li\u00e9 \u00e0 l\u2019histoire des \u00e9toiles ouvre l\u2019\u00e9t\u00e9, saison id\u00e9ale pour leur observation pendant les nuits \u00e0 la belle \u00e9toile ou les nuits des \u00e9toiles filantes du mois d\u2019ao\u00fbt.<\/p>\n<p>Fascination pour le monde c\u00e9leste<\/p>\n<p>Dans ce parcours, chacun reconna\u00eetra sa fascination pour le monde c\u00e9leste, que ce soit pour les constellations du zodiaque, pour la lune, pour la Grande Ourse ou l\u2019observation des plan\u00e8tes. Car l\u2019int\u00e9r\u00eat du sujet est bien l\u00e0\u00a0: traiter de ce qui rel\u00e8ve de la contemplation individuelle voire m\u00e9taphysique mais qui nous rassemble en m\u00eame temps. \u00c0 une \u00e9poque o\u00f9 astrologie et astronomie sont en vogue et tr\u00e8s populaires en France. L\u2019exposition suit une histoire chronologique de l\u2019Antiquit\u00e9 aux d\u00e9couvertes contemporaines, en passant par les transmissions au sein du bassin m\u00e9diterran\u00e9en, de la Gr\u00e8ce \u00e0 Alexandrie, et par les avanc\u00e9es astronomiques dans le monde arabo-musulman m\u00e9di\u00e9val. On y trouve d\u2019ailleurs l\u2019une des plus anciennes sph\u00e8res c\u00e9lestes arabo-musulmanes.<\/p>\n<p>Le visiteur voyage ainsi \u00e0 travers les \u00e9poques et les croyances gr\u00e2ce \u00e0 plus de 300 \u0153uvres et objets transdisciplinaires, m\u00ealant des aspects scientifiques, historiques, artistiques et populaires.<\/p>\n","protected":false},"excerpt":{"rendered":"Des murs bleu profond, une lumi\u00e8re tamis\u00e9e, des \u00e9toiles et des constellations un peu partout. Le ton est&hellip;\n","protected":false},"author":2,"featured_media":236185,"comment_status":"","ping_status":"","sticky":false,"template":"","format":"standard","meta":{"footnotes":""},"categories":[2814],"tags":[17,1111,11,4512,251,1777,674,12176,1011,27,7367,884,3736,6864,12,3946,2043,882,25],"class_list":{"0":"post-236184","1":"post","2":"type-post","3":"status-publish","4":"format-standard","5":"has-post-thumbnail","7":"category-marseille","8":"tag-17","9":"tag-actu","10":"tag-actualites","11":"tag-ciel","12":"tag-culture","13":"tag-eu","14":"tag-europe","15":"tag-expo","16":"tag-fr","17":"tag-france","18":"tag-lire","19":"tag-marseille","20":"tag-met","21":"tag-mucem","22":"tag-news","23":"tag-nous","24":"tag-nouvelle","25":"tag-provence-alpes-cote-dazur","26":"tag-republique-francaise"},"share_on_mastodon":{"url":"https:\/\/pubeurope.com\/@fr\/114819973020367591","error":""},"_links":{"self":[{"href":"https:\/\/www.europesays.com\/fr\/wp-json\/wp\/v2\/posts\/236184","targetHints":{"allow":["GET"]}}],"collection":[{"href":"https:\/\/www.europesays.com\/fr\/wp-json\/wp\/v2\/posts"}],"about":[{"href":"https:\/\/www.europesays.com\/fr\/wp-json\/wp\/v2\/types\/post"}],"author":[{"embeddable":true,"href":"https:\/\/www.europesays.com\/fr\/wp-json\/wp\/v2\/users\/2"}],"replies":[{"embeddable":true,"href":"https:\/\/www.europesays.com\/fr\/wp-json\/wp\/v2\/comments?post=236184"}],"version-history":[{"count":0,"href":"https:\/\/www.europesays.com\/fr\/wp-json\/wp\/v2\/posts\/236184\/revisions"}],"wp:featuredmedia":[{"embeddable":true,"href":"https:\/\/www.europesays.com\/fr\/wp-json\/wp\/v2\/media\/236185"}],"wp:attachment":[{"href":"https:\/\/www.europesays.com\/fr\/wp-json\/wp\/v2\/media?parent=236184"}],"wp:term":[{"taxonomy":"category","embeddable":true,"href":"https:\/\/www.europesays.com\/fr\/wp-json\/wp\/v2\/categories?post=236184"},{"taxonomy":"post_tag","embeddable":true,"href":"https:\/\/www.europesays.com\/fr\/wp-json\/wp\/v2\/tags?post=236184"}],"curies":[{"name":"wp","href":"https:\/\/api.w.org\/{rel}","templated":true}]}}