{"id":236203,"date":"2025-07-08T22:38:12","date_gmt":"2025-07-08T22:38:12","guid":{"rendered":"https:\/\/www.europesays.com\/fr\/236203\/"},"modified":"2025-07-08T22:38:12","modified_gmt":"2025-07-08T22:38:12","slug":"trump-accuse-poutine-de-dire-des-conneries-sur-lukraine-et-le-menace-de-nouvelles-sanctions","status":"publish","type":"post","link":"https:\/\/www.europesays.com\/fr\/236203\/","title":{"rendered":"Trump accuse Poutine de dire des \u00ab\u00a0conneries\u00a0\u00bb sur l\u2019Ukraine et le menace de nouvelles sanctions"},"content":{"rendered":"<p>        <img decoding=\"async\" loading=\"lazy\" src=\"https:\/\/www.europesays.com\/fr\/wp-content\/uploads\/2025\/07\/13f2f8b_upload-1-kauq9fkgxm8d-063-2223544419.jpg\"  width=\"728\" height=\"410\" alt=\"Donald Trump a accus\u00e9 ce mardi 8\u00a0juillet Vladimir Poutine de dire \u00ab\u00a0beaucoup de conneries\u00a0\u00bb \u00e0 propos de l\u2019Ukraine.\"\/>  <\/p>\n<p>ANDREW HARNIK \/ Getty Images via AFP<\/p>\n<p>Donald Trump a accus\u00e9 ce mardi 8\u00a0juillet Vladimir Poutine de dire \u00ab\u00a0beaucoup de conneries\u00a0\u00bb \u00e0 propos de l\u2019Ukraine.<\/p>\n<p class=\"asset asset-text\">\u00c9TATS-UNIS &#8211; Le ton monte d\u2019un cran. <a href=\"https:\/\/www.huffingtonpost.fr\/international\/article\/critique-apres-les-inondations-au-texas-donald-trump-ne-compte-rien-changer_252298.html\" target=\"_blank\" rel=\"noopener\">Donald Trump <\/a>a accus\u00e9 ce mardi 8\u00a0juillet <a href=\"https:\/\/www.huffingtonpost.fr\/international\/article\/ce-qu-emmanuel-macron-et-vladimir-poutine-se-sont-dit-pour-leur-premier-appel-en-trois-ans_252079.html\" target=\"_blank\" rel=\"noopener\">Vladimir Poutine<\/a> de dire \u00ab\u00a0beaucoup de conneries\u00a0\u00bb \u00e0 propos de l\u2019<a href=\"https:\/\/www.huffingtonpost.fr\/international\/article\/le-rare-aveu-d-impuissance-de-donald-trump-apres-son-appel-avec-vladimir-poutine_252206.html\" target=\"_blank\" rel=\"noopener\">Ukraine<\/a>, tout en laissant entendre qu\u2019il souhaitait imposer de nouvelles sanctions \u00e0 la Russie.<\/p>\n<p class=\"asset asset-text\">\u00ab\u00a0Il est tout le temps tr\u00e8s gentil mais cela ne veut rien dire\u00a0\u00bb, a l\u00e2ch\u00e9 le r\u00e9publicain devant la presse\u00a0\u00e0 la Maison Blanche.<\/p>\n<p class=\"asset asset-text\">Le pr\u00e9sident am\u00e9ricain a par ailleurs assur\u00e9 \u00ab\u00a0\u00e9tudier de tr\u00e8s pr\u00e8s\u00a0\u00bb une proposition de loi du S\u00e9nat visant \u00e0 imposer de nouvelles sanctions \u00e0 la Russie, apr\u00e8s avoir lui-m\u00eame \u00e9vit\u00e9 ces six derniers mois d\u2019y recourir tandis qu\u2019il tentait de persuader Vladimir Poutine de mettre fin au conflit en\u00a0Ukraine.<\/p>\n<p>    Frustration    <\/p>\n<p class=\"asset asset-text\">Les commentaires de Donald Trump refl\u00e8tent sa frustration croissante \u00e0 l\u2019\u00e9gard de son homologue russe en raison de la poursuite de la guerre que le Kremlin a d\u00e9clench\u00e9e il y a pr\u00e8s de trois ans.<\/p>\n<p class=\"asset asset-text\">Lundi, le pr\u00e9sident am\u00e9ricain avait fait volte-face en promettant la fourniture de mat\u00e9riel militaire suppl\u00e9mentaire aux Ukrainiens, \u00ab\u00a0frapp\u00e9s de mani\u00e8re tr\u00e8s, tr\u00e8s dure\u00a0\u00bb. Et ce quelques jours apr\u00e8s l\u2019annonce d\u2019une suspension de certaines livraisons am\u00e9ricaines dans ce domaine. \u00ab\u00a0Nous allons devoir envoyer plus d\u2019armes, principalement des armes d\u00e9fensives\u00a0\u00bb, avait-il alors lanc\u00e9, se d\u00e9clarant \u00ab\u00a0m\u00e9content\u00a0\u00bb de l\u2019attitude de Vladimir Poutine.<\/p>\n<p class=\"asset asset-text\">\u00ab\u00a0Il est \u00e9vident que ces actions ne s\u2019inscrivent probablement pas dans le cadre des efforts visant \u00e0 promouvoir un r\u00e8glement pacifique\u00a0\u00bb du conflit en\u00a0Ukraine, a r\u00e9agi mardi le porte-parole de la pr\u00e9sidence russe, Dmitri Peskov. Elles \u00ab\u00a0visent clairement \u00e0 favoriser par tous les moyens la poursuite des hostilit\u00e9s\u00a0\u00bb, a-t-il ajout\u00e9, \u00e9voquant une ligne \u00ab\u00a0choisie par les Europ\u00e9ens\u00a0\u00bb, sans citer nomm\u00e9ment Donald Trump.<\/p>\n<p>    Macron promet que les Europ\u00e9ens n\u2019abandonneront \u00ab\u00a0jamais l\u2019Ukraine\u00a0\u00bb    <\/p>\n<p class=\"asset asset-text\">De son c\u00f4t\u00e9, le chef de l\u2019\u00c9tat ukrainien Volodymyr Zelensky a dit avoir \u00ab\u00a0charg\u00e9\u00a0\u00bb son ministre de la D\u00e9fense et le chef d\u2019\u00e9tat-major de l\u2019arm\u00e9e d\u2019\u00ab\u00a0intensifier tous les contacts avec la partie am\u00e9ricaine\u00a0\u00bb au sujet de la livraison de syst\u00e8mes de d\u00e9fense antia\u00e9rienne, apr\u00e8s que Donald Trump a annonc\u00e9 que davantage d\u2019armes allaient \u00eatre envoy\u00e9es \u00e0 Kiev.<\/p>\n<p class=\"asset asset-text\">\u00ab\u00a0Nous disposons d\u00e9sormais des d\u00e9clarations et des d\u00e9cisions politiques n\u00e9cessaires, qui doivent \u00eatre mises en \u0153uvre d\u00e8s que possible afin de prot\u00e9ger notre population et nos positions. Cela concerne en premier lieu la d\u00e9fense antia\u00e9rienne\u00a0\u00bb, a poursuivi Volodymyr Zelensky dans son allocution quotidienne.<\/p>\n<p class=\"asset asset-text\">En visite \u00e0 Londres, le pr\u00e9sident fran\u00e7ais Emmanuel Macron a assur\u00e9 le m\u00eame jour que les Europ\u00e9ens n\u2019abandonneraient \u00ab\u00a0jamais l\u2019Ukraine\u00a0\u00bb et se battraient \u00ab\u00a0jusqu\u2019\u00e0 la derni\u00e8re minute afin d\u2019obtenir un cessez-le-feu, pour entamer les n\u00e9gociations afin de construire cette paix solide et durable\u00a0\u00bb.<\/p>\n","protected":false},"excerpt":{"rendered":"ANDREW HARNIK \/ Getty Images via AFP Donald Trump a accus\u00e9 ce mardi 8\u00a0juillet Vladimir Poutine de dire&hellip;\n","protected":false},"author":2,"featured_media":236204,"comment_status":"","ping_status":"","sticky":false,"template":"","format":"standard","meta":{"footnotes":""},"categories":[1590],"tags":[11,75,1777,674,131,14,12,132,220,135],"class_list":{"0":"post-236203","1":"post","2":"type-post","3":"status-publish","4":"format-standard","5":"has-post-thumbnail","7":"category-ukraine","8":"tag-actualites","9":"tag-donald-trump","10":"tag-eu","11":"tag-europe","12":"tag-guerre-en-ukraine","13":"tag-international","14":"tag-news","15":"tag-russie","16":"tag-ukraine","17":"tag-vladimir-poutine"},"share_on_mastodon":{"url":"https:\/\/pubeurope.com\/@fr\/114820016049358798","error":""},"_links":{"self":[{"href":"https:\/\/www.europesays.com\/fr\/wp-json\/wp\/v2\/posts\/236203","targetHints":{"allow":["GET"]}}],"collection":[{"href":"https:\/\/www.europesays.com\/fr\/wp-json\/wp\/v2\/posts"}],"about":[{"href":"https:\/\/www.europesays.com\/fr\/wp-json\/wp\/v2\/types\/post"}],"author":[{"embeddable":true,"href":"https:\/\/www.europesays.com\/fr\/wp-json\/wp\/v2\/users\/2"}],"replies":[{"embeddable":true,"href":"https:\/\/www.europesays.com\/fr\/wp-json\/wp\/v2\/comments?post=236203"}],"version-history":[{"count":0,"href":"https:\/\/www.europesays.com\/fr\/wp-json\/wp\/v2\/posts\/236203\/revisions"}],"wp:featuredmedia":[{"embeddable":true,"href":"https:\/\/www.europesays.com\/fr\/wp-json\/wp\/v2\/media\/236204"}],"wp:attachment":[{"href":"https:\/\/www.europesays.com\/fr\/wp-json\/wp\/v2\/media?parent=236203"}],"wp:term":[{"taxonomy":"category","embeddable":true,"href":"https:\/\/www.europesays.com\/fr\/wp-json\/wp\/v2\/categories?post=236203"},{"taxonomy":"post_tag","embeddable":true,"href":"https:\/\/www.europesays.com\/fr\/wp-json\/wp\/v2\/tags?post=236203"}],"curies":[{"name":"wp","href":"https:\/\/api.w.org\/{rel}","templated":true}]}}