{"id":236208,"date":"2025-07-08T22:41:13","date_gmt":"2025-07-08T22:41:13","guid":{"rendered":"https:\/\/www.europesays.com\/fr\/236208\/"},"modified":"2025-07-08T22:41:13","modified_gmt":"2025-07-08T22:41:13","slug":"lallemagne-domine-le-danemark-a-leuro-et-se-rapproche-dune-qualification-en-quarts-lequipe","status":"publish","type":"post","link":"https:\/\/www.europesays.com\/fr\/236208\/","title":{"rendered":"L&#039;Allemagne domine le Danemark \u00e0 l&#039;Euro et se rapproche d&#039;une qualification en quarts &#8211; L&#039;\u00c9quipe"},"content":{"rendered":"<ol>\n<li><a href=\"https:\/\/news.google.com\/rss\/articles\/CBMi0gFBVV95cUxQaktMVkhaM0t2SzFEYUxMRlMta0hia2g1UkY3TVNYRnZKSVd4SDMwT0hYU0NSdDBuUXdjVEJhaloyUjk3ZWhPV3RhaGd1ZDdVdVBpSGpuRVoyMDZBZjNJSnNHMV9rR1A3dHlPNTBxQUhUWWc4R2s5X2dicUExQ1E3Z0RmMmZHSzNZTERoY3hZRlFGeUNmTVE1VFdJTnFDMTFYVHd6enBjX05xUWdJUzUtOVpjNE8zRk91RHNzOHBLVW5QX2dHcmhlNnctOGZEN3RMdFE?oc=5\" target=\"_blank\" rel=\"nofollow noopener\">L&rsquo;Allemagne domine le Danemark \u00e0 l&rsquo;Euro et se rapproche d&rsquo;une qualification en quarts<\/a>&nbsp;&nbsp;L&rsquo;\u00c9quipe<\/li>\n<li><a href=\"https:\/\/news.google.com\/rss\/articles\/CBMi3wFBVV95cUxNWXY5RnhlWmFjR214U1VVek5POWl4VDA5OE9pcjBrOUlxZU0wRmh3aGI0WmRIWkFkcmNnTlZVRkdVVHZEV1FmZExHT1RWT0VfYnlUVXFVWFpWOENBVDVfMFYzRkcwcm96MXFRRzByeVhYWlZ0RmNzcTgxVGtHZFpRYV9DT0pJQURubXJwYVRRUU9CUmUtR1EzWUE1U3BFNHNNYXhWeFZoSkZFLXp6S0lTTURfU2w1cnJ4Z1M4MDZDTjNGVzFwUThJMHFHU2Q5eDdvdDhnSnVKeC1JUmJqV3VR?oc=5\" target=\"_blank\" rel=\"nofollow noopener\">Euro 2025 &#8211; L&rsquo;Allemagne renverse le Danemark et fait un grand pas vers les quarts<\/a>&nbsp;&nbsp;Eurosport<\/li>\n<li><a href=\"https:\/\/news.google.com\/rss\/articles\/CBMi6gFBVV95cUxNenRLUDF3ZXNQSzJMTjA0UVNna09iNkpROWo3czhQOEtDMHJVSk1kNXdaQzJrYVJqcFQ5ZHJUUjdjeG15dXNGWDFvc0lIOUFKVWpYZ3NFSDdLVEJmaFA0dENMYTBsRGF2ejNhRC1VQm13Zzc5d1FrYm90ZXg2TFpXUEc5Ym04czdlOXpmRHp1T1JhNDViem9hdFZ0ODhwWnd4UVlKS3RsSlFuUlBiSmR2M2o5cVlCblZ5TjJNTDNwUG1fTzFINGtDMDJGdHp4T3hxRENTNWdJQTd0ekRqaV9NTmZFZmhwalpOS3c?oc=5\" target=\"_blank\" rel=\"nofollow noopener\">La Su\u00e8de s&rsquo;impose contre la Pologne et se qualifie avec l&rsquo;Allemagne pour les quarts de finale de l&rsquo;Euro<\/a>&nbsp;&nbsp;L&rsquo;\u00c9quipe<\/li>\n<li><a href=\"https:\/\/news.google.com\/rss\/articles\/CBMitgFBVV95cUxOU3FvY3dzLWFyM2NaRG94TzRUVm5lSkV3bTdKNkpIREFmLXVDSVNPZUFxMG5NMkZGWHJsNHUxcXI4QmdfZDJ4UHUxSWgyT1ZtdElXbGdBWm1rTVM0ZzhsYk5meVRiYzZ2eWlOSk1IZE1jMkZ3cTZ3Tlo4RTRnQ3J5dmt2eXFlNWVEZFZ3eEhqejZuY1J6dy1BeFp6Y1NnbkJtZ1V0S0lib3E3YkVJM2luZ1RNVFZfdw?oc=5\" target=\"_blank\" rel=\"nofollow noopener\">Groupe C &#8211; Journ\u00e9e 2 : Allemagne vs Danemark en replay &#8211; Euro de football f\u00e9minin<\/a>&nbsp;&nbsp;France TV<\/li>\n<li><a href=\"https:\/\/news.google.com\/rss\/articles\/CBMi6gFBVV95cUxOaWJFUERIRHBSQkZ2UE81Vl96dmVCV2I3WTM3enhJQUpvMzVURW9hX21hbkY1T01QTHZPMEZCaGpWQzBvellkQlJndGp4dk42TGJERmNKWjJCT1RpYkFLMEE2V25FNHFuMzNicjlZZDNuNjRnaUJVaVE4OGFIZGxRUElNZXc1V05VeXdaV3llUzIwQU5lUDFhdEczQm5TRXhSTFpPRWZoMHIzUGtyTnBuTjhSRVNLOGoxN1ZJSXh4SXA5YXVrcmdKYnB6QWszbFVoaFJHZjFzbGF2MkMtMXF2X1l4LUc3VktKLXc?oc=5\" target=\"_blank\" rel=\"nofollow noopener\">Euro f\u00e9minin 2025. La Su\u00e8de se qualifie pour les quarts de finale, la Pologne \u00e9limin\u00e9e<\/a>&nbsp;&nbsp;Ouest-France<\/li>\n<\/ol>\n","protected":false},"excerpt":{"rendered":"L&rsquo;Allemagne domine le Danemark \u00e0 l&rsquo;Euro et se rapproche d&rsquo;une qualification en quarts&nbsp;&nbsp;L&rsquo;\u00c9quipe Euro 2025 &#8211; L&rsquo;Allemagne renverse&hellip;\n","protected":false},"author":2,"featured_media":236209,"comment_status":"","ping_status":"","sticky":false,"template":"","format":"standard","meta":{"footnotes":""},"categories":[1587],"tags":[11,672,1804,1805,1803,1777,674,1801,12,1802],"class_list":{"0":"post-236208","1":"post","2":"type-post","3":"status-publish","4":"format-standard","5":"has-post-thumbnail","7":"category-allemagne","8":"tag-actualites","9":"tag-allemagne","10":"tag-bundesrepublik-deutschland","11":"tag-de","12":"tag-deutschland","13":"tag-eu","14":"tag-europe","15":"tag-germany","16":"tag-news","17":"tag-republique-federale-dallemagne"},"share_on_mastodon":{"url":"https:\/\/pubeurope.com\/@fr\/114820027894254350","error":""},"_links":{"self":[{"href":"https:\/\/www.europesays.com\/fr\/wp-json\/wp\/v2\/posts\/236208","targetHints":{"allow":["GET"]}}],"collection":[{"href":"https:\/\/www.europesays.com\/fr\/wp-json\/wp\/v2\/posts"}],"about":[{"href":"https:\/\/www.europesays.com\/fr\/wp-json\/wp\/v2\/types\/post"}],"author":[{"embeddable":true,"href":"https:\/\/www.europesays.com\/fr\/wp-json\/wp\/v2\/users\/2"}],"replies":[{"embeddable":true,"href":"https:\/\/www.europesays.com\/fr\/wp-json\/wp\/v2\/comments?post=236208"}],"version-history":[{"count":0,"href":"https:\/\/www.europesays.com\/fr\/wp-json\/wp\/v2\/posts\/236208\/revisions"}],"wp:featuredmedia":[{"embeddable":true,"href":"https:\/\/www.europesays.com\/fr\/wp-json\/wp\/v2\/media\/236209"}],"wp:attachment":[{"href":"https:\/\/www.europesays.com\/fr\/wp-json\/wp\/v2\/media?parent=236208"}],"wp:term":[{"taxonomy":"category","embeddable":true,"href":"https:\/\/www.europesays.com\/fr\/wp-json\/wp\/v2\/categories?post=236208"},{"taxonomy":"post_tag","embeddable":true,"href":"https:\/\/www.europesays.com\/fr\/wp-json\/wp\/v2\/tags?post=236208"}],"curies":[{"name":"wp","href":"https:\/\/api.w.org\/{rel}","templated":true}]}}