{"id":23621,"date":"2025-04-14T04:11:28","date_gmt":"2025-04-14T04:11:28","guid":{"rendered":"https:\/\/www.europesays.com\/fr\/23621\/"},"modified":"2025-04-14T04:11:28","modified_gmt":"2025-04-14T04:11:28","slug":"a-quelle-heure-et-sur-quelle-chaine-regarder-la-course-cycliste","status":"publish","type":"post","link":"https:\/\/www.europesays.com\/fr\/23621\/","title":{"rendered":"\u00e0 quelle heure et sur quelle cha\u00eene regarder la course cycliste ?"},"content":{"rendered":"<p>Ce dimanche, c\u2019est Paris Roubaix, l&rsquo;une des plus anciennes courses cyclistes qui fait son grand retour pour le bonheur des amateurs du v\u00e9lo. D\u00e9couvrez ici \u00e0 quelle heure et sur quelle cha\u00eene TV regarder la course Paris &#8211; Roubaix en direct.<\/p>\n<p>Ce dimanche 13 avril, place \u00e0 la 122e \u00e9dition de la mythique course Paris &#8211; Roubaix hommes. Pour cet \u00e9v\u00e9nement de cyclisme, le vainqueur sortant du Tour de France, mais aussi du Tour des Flandres, Tadej Pogacar, sera pr\u00e9sent sur la ligne de d\u00e9part. Une annonce qui fait d\u00e9j\u00e0 de cette course comme un incontournable de cette nouvelle ann\u00e9e de cyclisme. Il sera engag\u00e9 dans un duel d\u00e9j\u00e0 annonc\u00e9 comme monumental contre Mathieu van der Poel. Depuis l\u2019\u00e9dition en 1977, la course qu&rsquo;on surnomme \u201cl&rsquo;Enfer du Nord\u201d s&rsquo;\u00e9lancera de la ville de Compi\u00e8gne dans l&rsquo;Oise et sa l\u00e9gendaire place du G\u00e9n\u00e9ral de Gaulle. Les coureurs en lice pour cette \u00e9preuve devront ensuite avaler pas moins de 260 km de route avec un total de 30 secteurs pav\u00e9s. Pour rappel, cette course ne compte pas moins de 6 millions de pav\u00e9s, connus pour \u00eatre tr\u00e8s rudes. Les coureurs pourront apr\u00e8s \u00e7a rejoindre la ligne d&rsquo;arriv\u00e9e au v\u00e9lodrome de Roubaix. L&rsquo;ann\u00e9e derni\u00e8re, c&rsquo;est le coureur Mathieu Van der Poel qui a franchi la ligne d&rsquo;arriv\u00e9e en premi\u00e8re position, suivi de Jasper Philipsen et Mads Pedersen. <a href=\"https:\/\/www.primevideo.com\/-\/fr\/offers\/ref=atv_3p_amz_c_F2n6kV_1_1?benefitId=maxfr&amp;tag=teleloisirs1539-21\" rel=\"nofollow noopener\" target=\"_blank\">D\u00e9couvrez ici \u00e0 quelle heure et sur quelle cha\u00eene regarder la classique Paris &#8211; Roubaix en direct.<\/a><\/p>\n<p>                        <b>\u00c0 quelle heure et sur quelle cha\u00eene regarder Paris Roubaix 2025 ?<\/b><\/p>\n<p>La classique Paris-Roubaix est \u00e0 suivre en direct sur la cha\u00eene Eurosport 1 et sur les antennes de France T\u00e9l\u00e9vision. La course est programm\u00e9e pour ce dimanche 13 avril 2025. <b>Le d\u00e9part de la course se fera \u00e0 11h10 dans la ville de Compi\u00e8gne et devrait se terminer aux alentours de 16h30 \u00e0 Roubaix. <\/b>Vous pouvez suivre l&rsquo;int\u00e9gralit\u00e9 de la course sur Eurosport d\u00e8s 10h30 du matin. Sur la cha\u00eene de France 2, retrouvez la course \u00e0 partir de 10h50 jusqu\u2019\u00e0 11h30, puis sur France 3 de 13h jusqu&rsquo;\u00e0 la fin de la course. De 11h30 \u00e0 13h, retrouvez la course Paris-Roubaix sur la cha\u00eene France 4.<\/p>\n<p>  <a class=\"cta\" href=\"https:\/\/www.primevideo.com\/-\/fr\/offers\/ref=atv_3p_amz_c_F2n6kV_1_1?benefitId=maxfr&amp;tag=teleloisirs1539-21\" rel=\"nofollow noopener\" target=\"_blank\"><br \/>\n    Regarder Europosport via Max avec Amazon Prime Video<br \/>\n  <\/a><\/p>\n<p>Chaque jour, nous \u00e9pluchons en toute ind\u00e9pendance les meilleures offres et r\u00e9ductions disponibles sur le web pour vous proposer les bons plans les plus int\u00e9ressants. Pour \u00e9valuer la pertinence d\u2019un bon plan, nous v\u00e9rifions notamment l\u2019historique des prix et veillons \u00e0 vous recommander les boutiques en ligne proposant les meilleures garanties.<\/p>\n<p>Certains liens peuvent g\u00e9n\u00e9rer une commission pour T\u00e9l\u00e9-Loisirs. Les prix sont mentionn\u00e9s \u00e0 titre indicatif et sont susceptibles d&rsquo;\u00e9voluer.<\/p>\n","protected":false},"excerpt":{"rendered":"Ce dimanche, c\u2019est Paris Roubaix, l&rsquo;une des plus anciennes courses cyclistes qui fait son grand retour pour le&hellip;\n","protected":false},"author":2,"featured_media":23622,"comment_status":"","ping_status":"","sticky":false,"template":"","format":"standard","meta":{"footnotes":""},"categories":[1888],"tags":[11,244,207,1777,674,8614,1011,27,12,626,8613,25,517],"class_list":{"0":"post-23621","1":"post","2":"type-post","3":"status-publish","4":"format-standard","5":"has-post-thumbnail","7":"category-paris","8":"tag-actualites","9":"tag-commentaire","10":"tag-cyclisme","11":"tag-eu","12":"tag-europe","13":"tag-eurosport","14":"tag-fr","15":"tag-france","16":"tag-news","17":"tag-paris","18":"tag-programme-tv-cyclisme","19":"tag-republique-francaise","20":"tag-sport"},"share_on_mastodon":{"url":"https:\/\/pubeurope.com\/@fr\/114334366675437405","error":""},"_links":{"self":[{"href":"https:\/\/www.europesays.com\/fr\/wp-json\/wp\/v2\/posts\/23621","targetHints":{"allow":["GET"]}}],"collection":[{"href":"https:\/\/www.europesays.com\/fr\/wp-json\/wp\/v2\/posts"}],"about":[{"href":"https:\/\/www.europesays.com\/fr\/wp-json\/wp\/v2\/types\/post"}],"author":[{"embeddable":true,"href":"https:\/\/www.europesays.com\/fr\/wp-json\/wp\/v2\/users\/2"}],"replies":[{"embeddable":true,"href":"https:\/\/www.europesays.com\/fr\/wp-json\/wp\/v2\/comments?post=23621"}],"version-history":[{"count":0,"href":"https:\/\/www.europesays.com\/fr\/wp-json\/wp\/v2\/posts\/23621\/revisions"}],"wp:featuredmedia":[{"embeddable":true,"href":"https:\/\/www.europesays.com\/fr\/wp-json\/wp\/v2\/media\/23622"}],"wp:attachment":[{"href":"https:\/\/www.europesays.com\/fr\/wp-json\/wp\/v2\/media?parent=23621"}],"wp:term":[{"taxonomy":"category","embeddable":true,"href":"https:\/\/www.europesays.com\/fr\/wp-json\/wp\/v2\/categories?post=23621"},{"taxonomy":"post_tag","embeddable":true,"href":"https:\/\/www.europesays.com\/fr\/wp-json\/wp\/v2\/tags?post=23621"}],"curies":[{"name":"wp","href":"https:\/\/api.w.org\/{rel}","templated":true}]}}