{"id":236210,"date":"2025-07-08T22:42:13","date_gmt":"2025-07-08T22:42:13","guid":{"rendered":"https:\/\/www.europesays.com\/fr\/236210\/"},"modified":"2025-07-08T22:42:13","modified_gmt":"2025-07-08T22:42:13","slug":"persona-non-grata-le-commissaire-europeen-aux-migrations-expulse-de-libye","status":"publish","type":"post","link":"https:\/\/www.europesays.com\/fr\/236210\/","title":{"rendered":"\u00ab\u00a0Persona non grata\u00a0\u00bb : le commissaire europ\u00e9en aux Migrations expuls\u00e9 de Libye"},"content":{"rendered":"<p>\n         Publi\u00e9 le<br \/>\n            08\/07\/2025 &#8211; 19:31 UTC+2<\/p>\n<p><img decoding=\"async\" class=\"c-ad__placeholder__logo\" src=\"https:\/\/static.euronews.com\/website\/images\/logos\/logo-euronews-grey-6-180x22.svg\" width=\"180\" height=\"22\" alt=\"\" loading=\"lazy\"\/>PUBLICIT\u00c9<\/p>\n<p>Magnus Brunner, le commissaire europ\u00e9en charg\u00e9 des Affaires int\u00e9rieures et des Migrations, a \u00e9t\u00e9 d\u00e9clar\u00e9 mardi \u00ab\u00a0persona non grata\u00a0\u00bb et invit\u00e9 \u00e0 quitter le territoire libyen \u00e0 son arriv\u00e9e \u00e0 l&rsquo;a\u00e9roport de Benghazi.<\/p>\n<p>L&rsquo;ordre a \u00e9t\u00e9 donn\u00e9 par le gouvernement de stabilit\u00e9 nationale (GNS), rival du gouvernement d&rsquo;unit\u00e9 nationale (GNU) reconnu par la communaut\u00e9 internationale. Le premier contr\u00f4le la ville de Benghazi et le second celle de Tripoli.<\/p>\n<p>L&rsquo;expulsion s&rsquo;applique \u00e9galement \u00e0 Matteo Piantedosi, ministre italien des Affaires int\u00e9rieures, et \u00e0 une <a href=\"https:\/\/fr.euronews.com\/my-europe\/2025\/07\/02\/lue-et-la-grece-vont-faire-pression-sur-la-libye-pour-empecher-les-migrants-de-traverser-l\" target=\"_blank\" rel=\"noopener\"><strong>d\u00e9l\u00e9gation de fonctionnaires grecs et maltais<\/strong><\/a>. Ils s&rsquo;\u00e9taient tous rendus dans le pays pour discuter de la r\u00e9cente augmentation des d\u00e9parts de migrants clandestins de la Libye vers l&rsquo;Europe.<\/p>\n<p>Dans un communiqu\u00e9 de presse sign\u00e9 par le Premier ministre libyen Oussama Hammad, le gouvernement de stabilit\u00e9 nationale d\u00e9nonce ce qu&rsquo;il qualifie de \u00ab\u00a0violation flagrante des normes diplomatiques \u00e9tablies et des conventions internationales\u00a0\u00bb, ainsi que \u00ab\u00a0d&rsquo;actions qui ne tiennent manifestement pas compte de la souverainet\u00e9 nationale de la Libye\u00a0\u00bb.<\/p>\n<p>\u00ab\u00a0En cons\u00e9quence, la visite pr\u00e9vue [&#8230;] a \u00e9t\u00e9 annul\u00e9e \u00e0 l&rsquo;arriv\u00e9e [de la d\u00e9l\u00e9gation] \u00e0 l&rsquo;a\u00e9roport international de Benina, dans la ville de Benghazi\u00a0\u00bb, indique le communiqu\u00e9 de presse. \u00ab\u00a0[Les diplomates] ont \u00e9t\u00e9 d\u00fbment inform\u00e9s de la n\u00e9cessit\u00e9 de quitter imm\u00e9diatement le territoire libyen et ont \u00e9t\u00e9 d\u00e9clar\u00e9s persona non grata\u00a0\u00bb.<\/p>\n<p>La raison de cette expulsion n&rsquo;a pas \u00e9t\u00e9 pr\u00e9cis\u00e9e dans l&rsquo;imm\u00e9diat et la Commission europ\u00e9enne n&rsquo;a pas r\u00e9pondu imm\u00e9diatement \u00e0 une demande d&rsquo;explication.<\/p>\n","protected":false},"excerpt":{"rendered":"Publi\u00e9 le 08\/07\/2025 &#8211; 19:31 UTC+2 PUBLICIT\u00c9 Magnus Brunner, le commissaire europ\u00e9en charg\u00e9 des Affaires int\u00e9rieures et des&hellip;\n","protected":false},"author":2,"featured_media":236211,"comment_status":"","ping_status":"","sticky":false,"template":"","format":"standard","meta":{"footnotes":""},"categories":[1586],"tags":[11,1777,674,1011,27,4367,37518,12,25,37517],"class_list":{"0":"post-236210","1":"post","2":"type-post","3":"status-publish","4":"format-standard","5":"has-post-thumbnail","7":"category-europe","8":"tag-actualites","9":"tag-eu","10":"tag-europe","11":"tag-fr","12":"tag-france","13":"tag-libye","14":"tag-magnus-brunner","15":"tag-news","16":"tag-republique-francaise","17":"tag-visite-diplomatique"},"share_on_mastodon":{"url":"https:\/\/pubeurope.com\/@fr\/114820031793769164","error":""},"_links":{"self":[{"href":"https:\/\/www.europesays.com\/fr\/wp-json\/wp\/v2\/posts\/236210","targetHints":{"allow":["GET"]}}],"collection":[{"href":"https:\/\/www.europesays.com\/fr\/wp-json\/wp\/v2\/posts"}],"about":[{"href":"https:\/\/www.europesays.com\/fr\/wp-json\/wp\/v2\/types\/post"}],"author":[{"embeddable":true,"href":"https:\/\/www.europesays.com\/fr\/wp-json\/wp\/v2\/users\/2"}],"replies":[{"embeddable":true,"href":"https:\/\/www.europesays.com\/fr\/wp-json\/wp\/v2\/comments?post=236210"}],"version-history":[{"count":0,"href":"https:\/\/www.europesays.com\/fr\/wp-json\/wp\/v2\/posts\/236210\/revisions"}],"wp:featuredmedia":[{"embeddable":true,"href":"https:\/\/www.europesays.com\/fr\/wp-json\/wp\/v2\/media\/236211"}],"wp:attachment":[{"href":"https:\/\/www.europesays.com\/fr\/wp-json\/wp\/v2\/media?parent=236210"}],"wp:term":[{"taxonomy":"category","embeddable":true,"href":"https:\/\/www.europesays.com\/fr\/wp-json\/wp\/v2\/categories?post=236210"},{"taxonomy":"post_tag","embeddable":true,"href":"https:\/\/www.europesays.com\/fr\/wp-json\/wp\/v2\/tags?post=236210"}],"curies":[{"name":"wp","href":"https:\/\/api.w.org\/{rel}","templated":true}]}}