{"id":236212,"date":"2025-07-08T22:43:09","date_gmt":"2025-07-08T22:43:09","guid":{"rendered":"https:\/\/www.europesays.com\/fr\/236212\/"},"modified":"2025-07-08T22:43:09","modified_gmt":"2025-07-08T22:43:09","slug":"lue-devoile-des-lignes-directrices-pour-linvestissement-durable-dans-la-defense","status":"publish","type":"post","link":"https:\/\/www.europesays.com\/fr\/236212\/","title":{"rendered":"L&rsquo;UE d\u00e9voile des lignes directrices pour l&rsquo;investissement durable dans la d\u00e9fense"},"content":{"rendered":"<p>Principaux renseingnements<\/p>\n<ul class=\"wp-block-list\">\n<li><strong>L\u2019UE d\u00e9finit l\u2019investissement durable dans la d\u00e9fense comme un investissement qui contribue \u00e0 la r\u00e9silience, \u00e0 la s\u00e9curit\u00e9 et \u00e0 la paix sans compromettre les objectifs de durabilit\u00e9.<\/strong><\/li>\n<li><strong>Les investissements dans les entreprises de d\u00e9fense de l\u2019UE peuvent \u00eatre consid\u00e9r\u00e9s comme durables si elles \u00e9vitent les armes controvers\u00e9es, respectent les principes des droits de l\u2019homme et adh\u00e8rent \u00e0 des pratiques de bonne gouvernance.<\/strong><\/li>\n<li><strong>Le cadre encourage les investisseurs \u00e0 \u00e9valuer les entreprises de d\u00e9fense au cas par cas plut\u00f4t que de s\u2019appuyer sur des exclusions g\u00e9n\u00e9rales.<\/strong><\/li>\n<\/ul>\n<p>La Commission europ\u00e9enne a r\u00e9cemment publi\u00e9 des lignes directrices visant \u00e0 encourager les <a href=\"https:\/\/fr.businessam.be\/lindustrie-de-la-defense-europeenne-confrontee-a-une-penurie-de-personnel-qualifie\/\" target=\"_blank\" rel=\"noopener\">investissements priv\u00e9s dans le secteur de la d\u00e9fense<\/a> de l\u2019UE. Ce faisant, elle prend en compte les crit\u00e8res de durabilit\u00e9. Les orientations pr\u00e9cisent comment les investissements dans la d\u00e9fense peuvent \u00eatre align\u00e9s sur le r\u00e8glement de l\u2019UE relatif \u00e0 la divulgation d\u2019informations sur le financement durable (SFDR). C\u2019est ce qui ressort d\u2019une analyse r\u00e9alis\u00e9e par le groupe de r\u00e9flexion <a href=\"https:\/\/www.bruegel.org\/first-glance\/can-defence-investment-be-sustainable-european-commission-thinks-so\" target=\"_blank\" rel=\"noreferrer noopener\">Bruegel<\/a>, un groupe de r\u00e9flexion europ\u00e9en ind\u00e9pendant qui se consacre \u00e0 la politique \u00e9conomique.<\/p>\n<p>Pour \u00eatre consid\u00e9r\u00e9 comme durable, un investissement doit contribuer \u00e0 un objectif de durabilit\u00e9 sans le compromettre. La Commission affirme que l\u2019industrie de la d\u00e9fense europ\u00e9enne favorise la durabilit\u00e9 en contribuant \u00e0 la r\u00e9silience, \u00e0 la s\u00e9curit\u00e9 et \u00e0 la paix, conform\u00e9ment \u00e0 l\u2019Objectif 16 de d\u00e9veloppement durable des Nations unies. Elle souligne \u00e9galement trois \u00ab\u00a0indicateurs cl\u00e9s d\u2019impact n\u00e9gatif\u00a0\u00bb que les investisseurs doivent prendre en compte : l\u2019implication dans les armes controvers\u00e9es, les risques de violations des droits de l\u2019homme et le respect des r\u00e8gles.<\/p>\n<p>Les lignes directrices de l\u2019industrie de la d\u00e9fense<\/p>\n<p>La Commission note que l\u2019industrie de la d\u00e9fense dans l\u2019UE est fortement r\u00e9gul\u00e9e, ce qui r\u00e9duit les risques d\u2019impacts n\u00e9gatifs. Elle pr\u00e9cise \u00e9galement que les \u00ab\u00a0armes controvers\u00e9es\u00a0\u00bb au sens du SFDR n\u2019incluent pas les armes nucl\u00e9aires. Cette clarification est importante pour les investisseurs pr\u00e9c\u00e9demment r\u00e9ticents.<\/p>\n<p>Les investissements dans les entreprises de d\u00e9fense europ\u00e9ennes sont consid\u00e9r\u00e9s comme durables si ces entreprises \u00e9vitent la production de certaines armes, respectent les contr\u00f4les \u00e0 l\u2019exportation et appliquent les droits de l\u2019homme.<\/p>\n<p>Impact sur les investisseurs<\/p>\n<p>Sa position a d\u00e9j\u00e0 influenc\u00e9 le comportement des investisseurs. Plusieurs grands investisseurs institutionnels ont lev\u00e9 leur interdiction d\u2019investir dans la d\u00e9fense. La proportion de fonds durables europ\u00e9ens investissant dans la d\u00e9fense a \u00e9galement augment\u00e9.<\/p>\n<p>Cette \u00e9volution vers des investissements dans la \u00ab\u00a0d\u00e9fense durable\u00a0\u00bb remet en question les m\u00e9thodologies classiques, qui excluent les entreprises en fonction de leurs sources de revenus. La Commission pr\u00e9conise une \u00e9valuation au cas par cas, les exclusions g\u00e9n\u00e9rales \u00e9tant incompatibles avec les objectifs strat\u00e9giques de l\u2019UE.<\/p>\n<p>Orientations futures<\/p>\n<p>Pour rendre cette approche cr\u00e9dible, des changements sont n\u00e9cessaires dans les secteurs de la d\u00e9fense et de l\u2019investissement. Il est crucial d\u2019obtenir des informations plus d\u00e9taill\u00e9es sur les revenus des entreprises de d\u00e9fense et de clarifier leur gestion des risques et des responsabilit\u00e9s.<\/p>\n<p>La centralisation des r\u00e8gles d\u2019autorisation d\u2019exportation au niveau europ\u00e9en augmenterait la pression sur les capacit\u00e9s de d\u00e9fense. Enfin, les acteurs des march\u00e9s financiers doivent faire preuve de plus de responsabilit\u00e9 et s\u2019engager activement aupr\u00e8s des entreprises qu\u2019ils financent.<\/p>\n","protected":false},"excerpt":{"rendered":"Principaux renseingnements L\u2019UE d\u00e9finit l\u2019investissement durable dans la d\u00e9fense comme un investissement qui contribue \u00e0 la r\u00e9silience, \u00e0&hellip;\n","protected":false},"author":2,"featured_media":236213,"comment_status":"","ping_status":"","sticky":false,"template":"","format":"standard","meta":{"footnotes":""},"categories":[1586],"tags":[11,554,33173,1777,674,1779,1011,27,12,25,1778,364],"class_list":{"0":"post-236212","1":"post","2":"type-post","3":"status-publish","4":"format-standard","5":"has-post-thumbnail","7":"category-europe","8":"tag-actualites","9":"tag-defense","10":"tag-durabilite","11":"tag-eu","12":"tag-europe","13":"tag-european-union","14":"tag-fr","15":"tag-france","16":"tag-news","17":"tag-republique-francaise","18":"tag-ue","19":"tag-union-europeenne"},"share_on_mastodon":{"url":"https:\/\/pubeurope.com\/@fr\/114820035870329005","error":""},"_links":{"self":[{"href":"https:\/\/www.europesays.com\/fr\/wp-json\/wp\/v2\/posts\/236212","targetHints":{"allow":["GET"]}}],"collection":[{"href":"https:\/\/www.europesays.com\/fr\/wp-json\/wp\/v2\/posts"}],"about":[{"href":"https:\/\/www.europesays.com\/fr\/wp-json\/wp\/v2\/types\/post"}],"author":[{"embeddable":true,"href":"https:\/\/www.europesays.com\/fr\/wp-json\/wp\/v2\/users\/2"}],"replies":[{"embeddable":true,"href":"https:\/\/www.europesays.com\/fr\/wp-json\/wp\/v2\/comments?post=236212"}],"version-history":[{"count":0,"href":"https:\/\/www.europesays.com\/fr\/wp-json\/wp\/v2\/posts\/236212\/revisions"}],"wp:featuredmedia":[{"embeddable":true,"href":"https:\/\/www.europesays.com\/fr\/wp-json\/wp\/v2\/media\/236213"}],"wp:attachment":[{"href":"https:\/\/www.europesays.com\/fr\/wp-json\/wp\/v2\/media?parent=236212"}],"wp:term":[{"taxonomy":"category","embeddable":true,"href":"https:\/\/www.europesays.com\/fr\/wp-json\/wp\/v2\/categories?post=236212"},{"taxonomy":"post_tag","embeddable":true,"href":"https:\/\/www.europesays.com\/fr\/wp-json\/wp\/v2\/tags?post=236212"}],"curies":[{"name":"wp","href":"https:\/\/api.w.org\/{rel}","templated":true}]}}