{"id":236214,"date":"2025-07-08T22:44:14","date_gmt":"2025-07-08T22:44:14","guid":{"rendered":"https:\/\/www.europesays.com\/fr\/236214\/"},"modified":"2025-07-08T22:44:14","modified_gmt":"2025-07-08T22:44:14","slug":"football-il-parait-desormais-assez-evident-que-botafogo-a-ete-privilegie-au-detriment-de-lol","status":"publish","type":"post","link":"https:\/\/www.europesays.com\/fr\/236214\/","title":{"rendered":"Football. \u00ab\u00a0Il para\u00eet d\u00e9sormais assez \u00e9vident que Botafogo a \u00e9t\u00e9 privil\u00e9gi\u00e9 au d\u00e9triment de l\u2019OL\u00a0\u00bb"},"content":{"rendered":"<blockquote class=\"question\"><p>Textor et Eagle ont-ils privil\u00e9gi\u00e9 Botafogo ces derniers mois\u00a0?<\/p><\/blockquote>\n<p>\u00ab\u00a0M\u00eame s\u2019il convient de rester prudent car les comptes d\u2019Eagle Football Group (ex OL Group) et de sa holding Eagle Football Holding BidCo sont difficiles \u00e0 d\u00e9crypter en raison de la multiplicit\u00e9 des filiales, il para\u00eet d\u00e9sormais assez \u00e9vident que le club br\u00e9silien de Botafogo a \u00e9t\u00e9 privil\u00e9gi\u00e9. C\u2019est le grand gagnant de la gestion en multipropri\u00e9t\u00e9s mise en place par <a href=\"https:\/\/www.leprogres.fr\/p\/john-textor\" target=\"_blank\" rel=\"noopener\">John Textor<\/a>. Et l\u2019OL\u2026 le grand perdant.\u00a0\u00bb<\/p>\n<blockquote class=\"question\"><p>Sur quelles donn\u00e9es vous appuyez-vous pour dire cela\u00a0?<\/p><\/blockquote>\n<p>\u00ab\u00a0Tout d\u2019abord, l\u2019OL a acquis et cr\u00e9\u00e9, en\u00a02023 et\u00a02024, <a href=\"https:\/\/finance.eaglefootballgroup.com\/informations-financieres\/rapports-annuels\/\" target=\"_blank\" rel=\"noopener\">deux filiales au Br\u00e9sil, baptis\u00e9es OL LTDA et OL Br\u00e9sil<\/a> [\u00ab avec pour objectif officiel de d\u00e9velopper les activit\u00e9s du Groupe au Br\u00e9sil\u00a0\u00bb]. Des pr\u00eats de plusieurs dizaines de millions d\u2019euros ont \u00e9t\u00e9 r\u00e9alis\u00e9s vers ces deux structures, quand Botafogo a \u00e9t\u00e9 actif sur le&#8230;<\/p>\n","protected":false},"excerpt":{"rendered":"Textor et Eagle ont-ils privil\u00e9gi\u00e9 Botafogo ces derniers mois\u00a0? \u00ab\u00a0M\u00eame s\u2019il convient de rester prudent car les comptes&hellip;\n","protected":false},"author":2,"featured_media":236215,"comment_status":"","ping_status":"","sticky":false,"template":"","format":"standard","meta":{"footnotes":""},"categories":[2],"tags":[11,33,2757,107,3183,63,1011,27,2428,2756,12,2755,25,2429,273,517],"class_list":{"0":"post-236214","1":"post","2":"type-post","3":"status-publish","4":"format-standard","5":"has-post-thumbnail","7":"category-actualites","8":"tag-actualites","9":"tag-economie","10":"tag-edition-lyon-villeurbanne","11":"tag-fil-info","12":"tag-finance-et-fiscalite","13":"tag-football","14":"tag-fr","15":"tag-france","16":"tag-lyon","17":"tag-lyon-bassin","18":"tag-news","19":"tag-ol-olympique-lyonnais-football","20":"tag-republique-francaise","21":"tag-rhone","22":"tag-selection-de-la-redaction","23":"tag-sport"},"share_on_mastodon":{"url":"https:\/\/pubeurope.com\/@fr\/114820039536660512","error":""},"_links":{"self":[{"href":"https:\/\/www.europesays.com\/fr\/wp-json\/wp\/v2\/posts\/236214","targetHints":{"allow":["GET"]}}],"collection":[{"href":"https:\/\/www.europesays.com\/fr\/wp-json\/wp\/v2\/posts"}],"about":[{"href":"https:\/\/www.europesays.com\/fr\/wp-json\/wp\/v2\/types\/post"}],"author":[{"embeddable":true,"href":"https:\/\/www.europesays.com\/fr\/wp-json\/wp\/v2\/users\/2"}],"replies":[{"embeddable":true,"href":"https:\/\/www.europesays.com\/fr\/wp-json\/wp\/v2\/comments?post=236214"}],"version-history":[{"count":0,"href":"https:\/\/www.europesays.com\/fr\/wp-json\/wp\/v2\/posts\/236214\/revisions"}],"wp:featuredmedia":[{"embeddable":true,"href":"https:\/\/www.europesays.com\/fr\/wp-json\/wp\/v2\/media\/236215"}],"wp:attachment":[{"href":"https:\/\/www.europesays.com\/fr\/wp-json\/wp\/v2\/media?parent=236214"}],"wp:term":[{"taxonomy":"category","embeddable":true,"href":"https:\/\/www.europesays.com\/fr\/wp-json\/wp\/v2\/categories?post=236214"},{"taxonomy":"post_tag","embeddable":true,"href":"https:\/\/www.europesays.com\/fr\/wp-json\/wp\/v2\/tags?post=236214"}],"curies":[{"name":"wp","href":"https:\/\/api.w.org\/{rel}","templated":true}]}}