{"id":236220,"date":"2025-07-08T22:49:13","date_gmt":"2025-07-08T22:49:13","guid":{"rendered":"https:\/\/www.europesays.com\/fr\/236220\/"},"modified":"2025-07-08T22:49:13","modified_gmt":"2025-07-08T22:49:13","slug":"super-league-salford-menace-du-plus-gros-retrait-de-points-de-lhistoire-de-la-super-league-rugby-a-xiii","status":"publish","type":"post","link":"https:\/\/www.europesays.com\/fr\/236220\/","title":{"rendered":"Super League &#8211; Salford menac\u00e9 du plus gros retrait de points de l&rsquo;histoire de la Super League &#8211; Rugby \u00e0 XIII"},"content":{"rendered":"<p style=\"text-align: justify;\"><strong>Le retrait de points met en cause l\u2019\u00e9quipe de Salford align\u00e9e face \u00e0 St Helens, lors de la d\u00e9faite 82-0 en d\u00e9but de saison.<\/strong><\/p>\n<p style=\"text-align: justify;\">Pour la premi\u00e8re journ\u00e9e de championnat, un certain nombre de joueurs de l\u2019\u00e9quipe premi\u00e8re \u00e9tait disponible, mais les Red Devils ne les ont pas align\u00e9s, et a envoy\u00e9 des joueurs de l\u2019\u00e9quipe r\u00e9serve au front.<\/p>\n<p style=\"text-align: justify;\">Suite \u00e0 ce match, les Saints ont gagn\u00e9 largement, avec le plus grand \u00e9cart de points entre deux \u00e9quipes du championnat. De ce fait, la RFL a alors lanc\u00e9 une enqu\u00eate, car en faisant cela, Salford a envoy\u00e9 une mauvaise image de la Super League, et du sport plus globalement.<\/p>\n<p style=\"text-align: justify;\">Aucune d\u00e9cision officielle n\u2019a encore \u00e9t\u00e9 prise, mais les Red Devils sont sous la menace d\u2019une perte de huit points et d\u2019une amende allant jusqu\u2019\u00e0 cinq chiffres. La derni\u00e8re sanction la plus lourde \u00e9tait pour\u2026 Salford, en 2016, lorsqu\u2019ils ont enfreint le plafond salarial. Cette saison est de plus en plus cauchemardesque pour le club de la banlieue de Manchester.<\/p>\n<p><a href=\"https:\/\/www.alloutrugbyleague.co.uk\/news\/salford-red-devils-face-biggest-1251143\" class=\"vlp-link\" title=\"Salford Red Devils face biggest points deduction in Super League history\" rel=\"nofollow noopener\" target=\"_blank\"><img decoding=\"async\" src=\"https:\/\/www.europesays.com\/fr\/wp-content\/uploads\/2025\/07\/0__OH_8521.jpg\" style=\"max-width: 1024px; max-height: 1024px\"\/><\/p>\n<p>Salford Red Devils face biggest points deduction in Super League history<\/p>\n<p>Lire l&rsquo;article<\/p>\n<p>www.alloutrugbyleague.co.uk<\/p>\n","protected":false},"excerpt":{"rendered":"Le retrait de points met en cause l\u2019\u00e9quipe de Salford align\u00e9e face \u00e0 St Helens, lors de la&hellip;\n","protected":false},"author":2,"featured_media":236221,"comment_status":"","ping_status":"","sticky":false,"template":"","format":"standard","meta":{"footnotes":""},"categories":[1416],"tags":[1011,27,479,2228,1468,2229,37523,60,4474],"class_list":{"0":"post-236220","1":"post","2":"type-post","3":"status-publish","4":"format-standard","5":"has-post-thumbnail","7":"category-rugby","8":"tag-fr","9":"tag-france","10":"tag-rugby","11":"tag-rugby-a-xiii","12":"tag-rugby-football","13":"tag-rugby-league","14":"tag-salford-red-devils","15":"tag-sports","16":"tag-super-league"},"share_on_mastodon":{"url":"","error":""},"_links":{"self":[{"href":"https:\/\/www.europesays.com\/fr\/wp-json\/wp\/v2\/posts\/236220","targetHints":{"allow":["GET"]}}],"collection":[{"href":"https:\/\/www.europesays.com\/fr\/wp-json\/wp\/v2\/posts"}],"about":[{"href":"https:\/\/www.europesays.com\/fr\/wp-json\/wp\/v2\/types\/post"}],"author":[{"embeddable":true,"href":"https:\/\/www.europesays.com\/fr\/wp-json\/wp\/v2\/users\/2"}],"replies":[{"embeddable":true,"href":"https:\/\/www.europesays.com\/fr\/wp-json\/wp\/v2\/comments?post=236220"}],"version-history":[{"count":0,"href":"https:\/\/www.europesays.com\/fr\/wp-json\/wp\/v2\/posts\/236220\/revisions"}],"wp:featuredmedia":[{"embeddable":true,"href":"https:\/\/www.europesays.com\/fr\/wp-json\/wp\/v2\/media\/236221"}],"wp:attachment":[{"href":"https:\/\/www.europesays.com\/fr\/wp-json\/wp\/v2\/media?parent=236220"}],"wp:term":[{"taxonomy":"category","embeddable":true,"href":"https:\/\/www.europesays.com\/fr\/wp-json\/wp\/v2\/categories?post=236220"},{"taxonomy":"post_tag","embeddable":true,"href":"https:\/\/www.europesays.com\/fr\/wp-json\/wp\/v2\/tags?post=236220"}],"curies":[{"name":"wp","href":"https:\/\/api.w.org\/{rel}","templated":true}]}}