{"id":236224,"date":"2025-07-08T22:51:20","date_gmt":"2025-07-08T22:51:20","guid":{"rendered":"https:\/\/www.europesays.com\/fr\/236224\/"},"modified":"2025-07-08T22:51:20","modified_gmt":"2025-07-08T22:51:20","slug":"evan-fournier-cash-sur-la-dispute-dans-les-vestiaires-aux-jo-apres-la-baffe-il-sest","status":"publish","type":"post","link":"https:\/\/www.europesays.com\/fr\/236224\/","title":{"rendered":"Evan Fournier cash sur la dispute dans les vestiaires aux JO : \u00ab\u00a0Apr\u00e8s la baffe, il s\u2019est\u2026"},"content":{"rendered":"<p class=\"has-text-color has-small-font-size\" style=\"color:#747474\">Par <a href=\"https:\/\/www.parlons-basket.com\/biographie-auteur-joel-p\/\" target=\"_blank\" rel=\"noopener\">Jo\u00ebl P\u00fctz<\/a> |\u00a0Journaliste sportif<\/p>\n<p><strong><strong><strong>Les Jeux Olympiques 2024 ont notamment \u00e9t\u00e9 marqu\u00e9s par une altercation XXL entre Evan Fournier et Jean-Pierre Siutat, pr\u00e9sident de la FFBB. Quelques semaines apr\u00e8s les faits, l\u2019arri\u00e8re tricolore est revenu sur le sujet en tenant un discours tr\u00e8s clair.<\/strong><\/strong><\/strong><\/p>\n<p>Pendant quelques jours, on avait vraiment peur pour l\u2019\u00c9quipe de France dans ces Jeux Olympiques de Paris. Les phases de poules avaient en effet \u00e9t\u00e9 d\u00e9licates pour le groupe de Vincent Collet avec deux victoires tr\u00e8s \u00e9triqu\u00e9es contre le Br\u00e9sil puis le Japon, avant de se faire litt\u00e9ralement rosser par l\u2019Allemagne championne du monde en titre. \u00c0 ce stade, personne ou presque ne les imaginait se hisser en finale.<\/p>\n<p>Et pourtant, les Bleus ont op\u00e9r\u00e9 un \u00e9norme volte-face d\u00e8s les quarts de finale et ont fini par d\u00e9crocher l\u2019argent olympique. Comment expliquer cela ? Peut-\u00eatre par l\u2019\u00e9change ultra-houleux entre Evan Fournier et Jean-Pierre Siutat, pr\u00e9sident de f\u00e9d\u00e9ration fran\u00e7ais de basket-ball. Les deux hommes s\u2019\u00e9taient ainsi invectiv\u00e9s apr\u00e8s la d\u00e9faite contre la Mannschaft, le joueur clamant <strong><a href=\"https:\/\/www.parlons-basket.com\/2024\/08\/12\/jo-jai-honte-de-toi-le-gros-accrochage-chez-les-bleus-revele\/\" target=\"_blank\" rel=\"noopener\">qu\u2019il avait m\u00eame honte de son sup\u00e9rieur<\/a><\/strong>.<\/p>\n<p>Evan Fournier se livre sur son accrochage avec le patron de la FFBB<\/p>\n<p>Quelques semaines apr\u00e8s les faits, l\u2019incident continue \u00e9videmment de faire parler de lui. De son c\u00f4t\u00e9,<strong><a href=\"https:\/\/www.parlons-basket.com\/2024\/08\/17\/edf-apres-laccrochage-avec-evan-fournier-le-president-de-la-ffbb-cash-je-ne-veux-pas\/\" target=\"_blank\" rel=\"noopener\"> le grand patron de la FFBB n\u2019a pas trop voulu s\u2019\u00e9tendre sur le sujet<\/a><\/strong>, alors le quotidien l\u2019\u00c9quipe est directement all\u00e9 poser la question \u00e0 Fournier. Ce dernier s\u2019est alors fendu d\u2019une phrase tr\u00e8s claire :<\/p>\n<blockquote class=\"wp-block-quote is-layout-flow wp-block-quote-is-layout-flow\">\n<p>C\u2019est partout sur les r\u00e9seaux. Il n\u2019y a rien \u00e0 ajouter. Il y a eu un accrochage. Mais je n\u2019irai pas plus loin.<\/p>\n<\/blockquote>\n<p><\/p>\n<p>\t\t\t\tLire aussi<\/p>\n<p>\t\t<a class=\"next-post__link\" href=\"https:\/\/www.parlons-basket.com\/2024\/09\/03\/edf-apres-les-jo-nico-batum-ultra-honnete-sur-la-france-hors-etats-unis-on-est-les-seuls-a\/\" target=\"_blank\" rel=\"noopener\"><br \/>\nApr\u00e8s les JO, Nico Batum ultra-honn\u00eate sur la France : \u00ab Hors \u00c9tats-Unis, on est les seuls \u00e0\u2026<br \/>\n<\/a><\/p>\n<p>L\u2019histoire appartient d\u00e9sormais au pass\u00e9 pour la recrue de l\u2019Olympiacos, qui s\u2019\u00e9tait d\u00e9j\u00e0 fendue de quelques gros coups de gueule lors des JO 2021 \u00e0 Tokyo. Une chose est s\u00fbre cependant, l\u2019incident des vestiaires a servi d\u2019\u00e9lectro-choc \u00e0 l\u2019EDF pour se remobiliser. La suite, tout le monde la conna\u00eet bien s\u00fbr, m\u00eame si Vavane refuse d\u2019affirmer que cette altercation a bel et bien \u00e9t\u00e9 \u00e0 l\u2019origine du regain de confiance de sa s\u00e9lection :<\/p>\n<blockquote class=\"wp-block-quote is-layout-flow wp-block-quote-is-layout-flow\">\n<p>On ne saura jamais. Ce qui est s\u00fbr, c\u2019est qu\u2019apr\u00e8s la baffe contre l\u2019Allemagne en poule, il s\u2019est pass\u00e9 quelque chose. On s\u2019est dit, l\u00e0 c\u2019est les quarts, on rentre \u00e0 Paris, on va d\u00e9couvrir le Club France. Il y a eu un shift, on s\u2019est r\u00e9unis la veille entre joueurs, on s\u2019est dit les choses de mani\u00e8re forte. Avait-on peur d\u2019une humiliation lors des JO \u00e0 Paris ? Non. On \u00e9tait d\u00e9ter. Si on devait perdre, ok, mais on allait tout donner.<\/p>\n<\/blockquote>\n<blockquote class=\"wp-block-quote is-layout-flow wp-block-quote-is-layout-flow\">\n<p>On \u00e9tait pass\u00e9s en mode \u00ab nous contre la terre enti\u00e8re \u00bb. On \u00e9tait dans notre bulle, et personne ne pouvait nous y atteindre. On avait la haine. Un groupe faible se serait \u00e9parpill\u00e9. Nous, on \u00e9tait une bande de bonhommes, de \u201cka\u00efras\u201d, comme a dit Isa\u00efa, qui pensent \u00e0 l\u2019\u00e9quipe, veulent gagner, durs mentalement, et qui s\u2019aiment, pour la plupart.<\/p>\n<\/blockquote>\n<p><strong><strong><strong><strong>Sans cette grosse dispute entre Evan Fournier et la direction de la FFBB, qui sait si l\u2019\u00c9quipe de France se serait hiss\u00e9e en finale olympique. L\u2019arri\u00e8re ne veut plus y penser, mais cela restera comme le tournant de cette campagne 2024 \u00e0 Paris pour les Bleus.<\/strong><\/strong><\/strong><\/strong><\/p>\n","protected":false},"excerpt":{"rendered":"Par Jo\u00ebl P\u00fctz |\u00a0Journaliste sportif Les Jeux Olympiques 2024 ont notamment \u00e9t\u00e9 marqu\u00e9s par une altercation XXL entre&hellip;\n","protected":false},"author":2,"featured_media":236225,"comment_status":"","ping_status":"","sticky":false,"template":"","format":"standard","meta":{"footnotes":""},"categories":[1414],"tags":[1465,1464,64,24554,1011,27,37524,22107,2182,60],"class_list":{"0":"post-236224","1":"post","2":"type-post","3":"status-publish","4":"format-standard","5":"has-post-thumbnail","7":"category-basket","8":"tag-basket","9":"tag-basketball","10":"tag-equipe-de-france","11":"tag-evan-fournier","12":"tag-fr","13":"tag-france","14":"tag-jean-pierre-siutat","15":"tag-jo-2024","16":"tag-nba","17":"tag-sports"},"share_on_mastodon":{"url":"https:\/\/pubeurope.com\/@fr\/114820067377520255","error":""},"_links":{"self":[{"href":"https:\/\/www.europesays.com\/fr\/wp-json\/wp\/v2\/posts\/236224","targetHints":{"allow":["GET"]}}],"collection":[{"href":"https:\/\/www.europesays.com\/fr\/wp-json\/wp\/v2\/posts"}],"about":[{"href":"https:\/\/www.europesays.com\/fr\/wp-json\/wp\/v2\/types\/post"}],"author":[{"embeddable":true,"href":"https:\/\/www.europesays.com\/fr\/wp-json\/wp\/v2\/users\/2"}],"replies":[{"embeddable":true,"href":"https:\/\/www.europesays.com\/fr\/wp-json\/wp\/v2\/comments?post=236224"}],"version-history":[{"count":0,"href":"https:\/\/www.europesays.com\/fr\/wp-json\/wp\/v2\/posts\/236224\/revisions"}],"wp:featuredmedia":[{"embeddable":true,"href":"https:\/\/www.europesays.com\/fr\/wp-json\/wp\/v2\/media\/236225"}],"wp:attachment":[{"href":"https:\/\/www.europesays.com\/fr\/wp-json\/wp\/v2\/media?parent=236224"}],"wp:term":[{"taxonomy":"category","embeddable":true,"href":"https:\/\/www.europesays.com\/fr\/wp-json\/wp\/v2\/categories?post=236224"},{"taxonomy":"post_tag","embeddable":true,"href":"https:\/\/www.europesays.com\/fr\/wp-json\/wp\/v2\/tags?post=236224"}],"curies":[{"name":"wp","href":"https:\/\/api.w.org\/{rel}","templated":true}]}}