{"id":236235,"date":"2025-07-08T22:58:42","date_gmt":"2025-07-08T22:58:42","guid":{"rendered":"https:\/\/www.europesays.com\/fr\/236235\/"},"modified":"2025-07-08T22:58:42","modified_gmt":"2025-07-08T22:58:42","slug":"a-pont-labbe-temps-fort-autour-de-pierre-jakez-helias-jeudi-10-juillet-a-laire-de-broca","status":"publish","type":"post","link":"https:\/\/www.europesays.com\/fr\/236235\/","title":{"rendered":"\u00c0 Pont-l\u2019Abb\u00e9, temps fort autour de Pierre-Jakez H\u00e9lias jeudi 10\u00a0juillet \u00e0 L\u2019aire de Broca"},"content":{"rendered":"<p>Ce jeudi 10 juillet, la librairie L\u2019aire de Broca de Pont-l\u2019Abb\u00e9 n\u2019accueille pas moins de trois auteurs et deux dessinateurs pour une journ\u00e9e d\u2019\u00e9changes et de d\u00e9dicaces autour de diff\u00e9rents ouvrages. Cela commence le matin, de 10\u00a0h \u00e0 12\u00a0h\u00a030, avec Bastien Courtay pour l\u2019album jeunesse qu\u2019il a illustr\u00e9, \u00ab\u00a0Chasse interdite\u00a0\u00bb (\u00e9d. Un dimanche apr\u00e8s-midi). \u00c0 travers l\u2019histoire de ce chasseur pi\u00e9g\u00e9 par la for\u00eat et ses habitants, les enfants comprendront que la for\u00eat est un espace de d\u00e9couverte, d\u2019\u00e9merveillement, et non un terrain de chasse. Ce message \u00e9cologique est livr\u00e9 avec bienveillance et humour, dans un style graphique color\u00e9 et original.<\/p>\n<p>Discussion autour de l\u2019\u0153uvre de Pierre-Jakez H\u00e9lias<\/p>\n<p>D\u00e8s 15\u00a0h, \u00e0 l\u2019occasion des 50 ans de la publication du mythique \u00ab\u00a0Le cheval d\u2019orgueil\u00a0\u00bb, Bertrand Galic (auteur de l\u2019adaptation en BD), Mannaig Thomas (traduction de ce roman graphique en breton) et Louis Bertholom (qui vient de publier \u00ab\u00a0Graines sauvages\u00a0\u00bb, des po\u00e8mes in\u00e9dits de Pierre-Jakez H\u00e9lias) seront r\u00e9unis pour parler de cette \u0153uvre embl\u00e9matique de la culture bigoud\u00e8ne et de son auteur. La discussion sera suivie d\u2019une s\u00e9ance de d\u00e9dicaces, \u00e0 laquelle se joindront \u00e9galement Bertrand Galic et Gwendal Lemercier pour leur BD sur Anne de Bretagne (\u00e9d. Gl\u00e9nat-Fayard), parue en mai.<\/p>\n<p><b>Pratique<\/b><\/p>\n<p class=\"note\">Jeudi 10 juillet \u00e0 L\u2019aire de Broca, 42 place de la R\u00e9publique, Pont-l\u2019Abb\u00e9. T\u00e9l.\u00a0: 02\u00a098\u00a082\u00a030\u00a095\u00a0; m\u00e9l.\u00a0: librairie@airedebroca.fr.<\/p>\n","protected":false},"excerpt":{"rendered":"Ce jeudi 10 juillet, la librairie L\u2019aire de Broca de Pont-l\u2019Abb\u00e9 n\u2019accueille pas moins de trois auteurs et&hellip;\n","protected":false},"author":2,"featured_media":236236,"comment_status":"","ping_status":"","sticky":false,"template":"","format":"standard","meta":{"footnotes":""},"categories":[1357],"tags":[1379,251,58,59,1011,27,1351,1380,3323],"class_list":{"0":"post-236235","1":"post","2":"type-post","3":"status-publish","4":"format-standard","5":"has-post-thumbnail","7":"category-livres","8":"tag-books","9":"tag-culture","10":"tag-divertissement","11":"tag-entertainment","12":"tag-fr","13":"tag-france","14":"tag-litterature","15":"tag-livres","16":"tag-pont-labbe"},"share_on_mastodon":{"url":"https:\/\/pubeurope.com\/@fr\/114820095057752802","error":""},"_links":{"self":[{"href":"https:\/\/www.europesays.com\/fr\/wp-json\/wp\/v2\/posts\/236235","targetHints":{"allow":["GET"]}}],"collection":[{"href":"https:\/\/www.europesays.com\/fr\/wp-json\/wp\/v2\/posts"}],"about":[{"href":"https:\/\/www.europesays.com\/fr\/wp-json\/wp\/v2\/types\/post"}],"author":[{"embeddable":true,"href":"https:\/\/www.europesays.com\/fr\/wp-json\/wp\/v2\/users\/2"}],"replies":[{"embeddable":true,"href":"https:\/\/www.europesays.com\/fr\/wp-json\/wp\/v2\/comments?post=236235"}],"version-history":[{"count":0,"href":"https:\/\/www.europesays.com\/fr\/wp-json\/wp\/v2\/posts\/236235\/revisions"}],"wp:featuredmedia":[{"embeddable":true,"href":"https:\/\/www.europesays.com\/fr\/wp-json\/wp\/v2\/media\/236236"}],"wp:attachment":[{"href":"https:\/\/www.europesays.com\/fr\/wp-json\/wp\/v2\/media?parent=236235"}],"wp:term":[{"taxonomy":"category","embeddable":true,"href":"https:\/\/www.europesays.com\/fr\/wp-json\/wp\/v2\/categories?post=236235"},{"taxonomy":"post_tag","embeddable":true,"href":"https:\/\/www.europesays.com\/fr\/wp-json\/wp\/v2\/tags?post=236235"}],"curies":[{"name":"wp","href":"https:\/\/api.w.org\/{rel}","templated":true}]}}