{"id":236241,"date":"2025-07-08T23:01:10","date_gmt":"2025-07-08T23:01:10","guid":{"rendered":"https:\/\/www.europesays.com\/fr\/236241\/"},"modified":"2025-07-08T23:01:10","modified_gmt":"2025-07-08T23:01:10","slug":"effets-visuels-rates-heros-benet-humour-lourdingue-superdecevant-ce-nouveau-superman-le-parisien","status":"publish","type":"post","link":"https:\/\/www.europesays.com\/fr\/236241\/","title":{"rendered":"Effets visuels rat\u00e9s, h\u00e9ros ben\u00eat, humour lourdingue\u2026 Superd\u00e9cevant, ce nouveau \u00ab Superman &#8211; Le Parisien"},"content":{"rendered":"<ol>\n<li><a href=\"https:\/\/news.google.com\/rss\/articles\/CBMihgJBVV95cUxPbUVEU2RjTmFfWW1VMnBpS1NsZ3Bxbl9jbF90M0VvYnVxSGpKYVBMdkY4MFpWWVpSSFVpQzNmQ0c3SHFrempGVTNsOHJqV0hWUmxSakpkbWVuYWJtYjJCcGpXdHFxSE4zdTM3YWlvYkg4R2wyclRNZ0xFLWVRNTk3dlhUc0pSX1BTUVFRSnNscTRPVUplZ1czQ0dtOHZ2aHI2dGYzVm93TzBBa01FUU9nTHlsMWFSRWY3Xy1Oa3lPQ2E4WVBicl9BTXp0SUVaZHFReUVDRW4tWC00V3VHY3FkeDNUQ1czbUkxbmhvbnY1ZXlrODc1bkJHdFN0WUl1RE8zSmtCa1d3?oc=5\" target=\"_blank\" rel=\"nofollow noopener\">Effets visuels rat\u00e9s, h\u00e9ros ben\u00eat, humour lourdingue\u2026 Superd\u00e9cevant, ce nouveau \u00ab Superman<\/a>&nbsp;&nbsp;Le Parisien<\/li>\n<li><a href=\"https:\/\/news.google.com\/rss\/articles\/CBMivgFBVV95cUxQOWZYRlI4NGZsNDN2a05ldFRBUk9CcXdKRnFxZHY3ODg1TDJidW1oaWtObHppbHdrRnhJd1R5a0JvaFpmTzllcGRtUEhNQjRqY25QYVpWbmpxLTZ4aWE2RHc5Y0JoTXVmbUc0NFNpbXhRWWhqZzZCWE5IUkliNjdQNHYteXFDczBmT3VNSlhDTVZYa2tFUFM3MFU2Qk1qQzg4M3B3Q1ZVMlNBNGpBRFl6ODFHX3NEZkU4TTVjMDZR?oc=5\" target=\"_blank\" rel=\"nofollow noopener\">\u00ab Superman \u00bb de James Gunn : une farce multicolore et assommante<\/a>&nbsp;&nbsp;Le Point<\/li>\n<li><a href=\"https:\/\/news.google.com\/rss\/articles\/CBMipgFBVV95cUxNX2tXR1QwVm1UczdtYnpmUURtbUNFRzFVYUpfRnFqQkQtWWZRVjlDakk1SHhuRF9JUU1WSkVsd1JLUWR1VG9NWlh6ck5uSDVVNWhnUGVXSE14dTEzUGRSalMyUFFKejhKVTRhX1Q5TTNrb1VFQXFDZlcwWnR4aHoxeW8ya2NqTFdEUUQ0SVMzMGNfa21fd0Z6OVZEeVkzRnZVUEV5Zml3?oc=5\" target=\"_blank\" rel=\"nofollow noopener\">Rachel Brosnahan \u00e0 Los Angeles ou le pouvoir de la robe dos nu<\/a>&nbsp;&nbsp;parismatch.com<\/li>\n<li><a href=\"https:\/\/news.google.com\/rss\/articles\/CBMixAFBVV95cUxPMzJRVTV2OXhvLW1MejFNclNHdXlDM1RKcjc1V1FWVnBINlBUc0c3TEFLekdLbUNhVlEwd0tFMHgxNTFvNXFYajRzTHltbl9nTTFXN1ZUVHpoUFEtWVZORWV0OW02eTdoaXBlSDlmemNEQ0FiejdVeDZYWnZuSjVpNEJUY25LeXg4MGUzSUlWOTh5M1dUM3FDNFgyb201dEhoLWVzMWxtQTZ2bU1iU3dFLVlBTHE2TnR0alU5cXpHSmk5NHlN?oc=5\" target=\"_blank\" rel=\"nofollow noopener\">Superman est-il trop gentil pour notre \u00e9poque ?<\/a>&nbsp;&nbsp;20 Minutes<\/li>\n<li><a href=\"https:\/\/news.google.com\/rss\/articles\/CBMi7AFBVV95cUxOMkhMT0t1S0tkSWZUWURCUWFxTEpJcXFYQlFfeVphSnAyTUVNb1V0elNpWlY2Nk8yYklUTnBNT1hORExiMkZDdW10SnRkRlVOM1o2dV9fcUpkV3NVR2g5VVlZSFJkdG5kLUo4Ullrc3hqZGIwc2wxeE5KQVdIMmY2QWhBSWk1N2xnYkp3Y1JqcXdQUG50UkpOeGwzTm91dFBpbUtaa3l3cklRWHJkWTlIS0NLNDZBblJwSDdKWkdTRG42d1kwQWJrc0JfUkZHZzlCU0oxT1hlUE4zLTJtWlJyYXBUZXREUTZHLTBKdQ?oc=5\" target=\"_blank\" rel=\"nofollow noopener\">Sorties cin\u00e9ma : Un nouveau \u00ab\u00a0Superman\u00a0\u00bb, un thriller chinois et un western familial \u00e0 voir d\u00e8s mercredi 9 juillet<\/a>&nbsp;&nbsp;ladepeche.fr<\/li>\n<\/ol>\n","protected":false},"excerpt":{"rendered":"Effets visuels rat\u00e9s, h\u00e9ros ben\u00eat, humour lourdingue\u2026 Superd\u00e9cevant, ce nouveau \u00ab Superman&nbsp;&nbsp;Le Parisien \u00ab Superman \u00bb de James&hellip;\n","protected":false},"author":2,"featured_media":236242,"comment_status":"","ping_status":"","sticky":false,"template":"","format":"standard","meta":{"footnotes":""},"categories":[1354],"tags":[650,872,58,59,1346,1011,27,1360],"class_list":{"0":"post-236241","1":"post","2":"type-post","3":"status-publish","4":"format-standard","5":"has-post-thumbnail","7":"category-films","8":"tag-cinema","9":"tag-culture-et-loisirs","10":"tag-divertissement","11":"tag-entertainment","12":"tag-films","13":"tag-fr","14":"tag-france","15":"tag-movies"},"share_on_mastodon":{"url":"https:\/\/pubeurope.com\/@fr\/114820106651961936","error":""},"_links":{"self":[{"href":"https:\/\/www.europesays.com\/fr\/wp-json\/wp\/v2\/posts\/236241","targetHints":{"allow":["GET"]}}],"collection":[{"href":"https:\/\/www.europesays.com\/fr\/wp-json\/wp\/v2\/posts"}],"about":[{"href":"https:\/\/www.europesays.com\/fr\/wp-json\/wp\/v2\/types\/post"}],"author":[{"embeddable":true,"href":"https:\/\/www.europesays.com\/fr\/wp-json\/wp\/v2\/users\/2"}],"replies":[{"embeddable":true,"href":"https:\/\/www.europesays.com\/fr\/wp-json\/wp\/v2\/comments?post=236241"}],"version-history":[{"count":0,"href":"https:\/\/www.europesays.com\/fr\/wp-json\/wp\/v2\/posts\/236241\/revisions"}],"wp:featuredmedia":[{"embeddable":true,"href":"https:\/\/www.europesays.com\/fr\/wp-json\/wp\/v2\/media\/236242"}],"wp:attachment":[{"href":"https:\/\/www.europesays.com\/fr\/wp-json\/wp\/v2\/media?parent=236241"}],"wp:term":[{"taxonomy":"category","embeddable":true,"href":"https:\/\/www.europesays.com\/fr\/wp-json\/wp\/v2\/categories?post=236241"},{"taxonomy":"post_tag","embeddable":true,"href":"https:\/\/www.europesays.com\/fr\/wp-json\/wp\/v2\/tags?post=236241"}],"curies":[{"name":"wp","href":"https:\/\/api.w.org\/{rel}","templated":true}]}}