{"id":236251,"date":"2025-07-08T23:07:11","date_gmt":"2025-07-08T23:07:11","guid":{"rendered":"https:\/\/www.europesays.com\/fr\/236251\/"},"modified":"2025-07-08T23:07:11","modified_gmt":"2025-07-08T23:07:11","slug":"a-washington-netanyahou-propose-a-nouveau-de-vider-gaza-des-palestiniens-mediapart","status":"publish","type":"post","link":"https:\/\/www.europesays.com\/fr\/236251\/","title":{"rendered":"\u00c0 Washington, N\u00e9tanyahou propose \u00e0 nouveau de vider Gaza des Palestiniens &#8211; Mediapart"},"content":{"rendered":"<ol>\n<li><a href=\"https:\/\/news.google.com\/rss\/articles\/CBMivwFBVV95cUxPVWJaR0pLanVLelIyUVkzM2l2TnRMVmRzeDhDaUJwQWd4VTVEWHVhUnRjc0tVVFlZM0tKWW1TQjdBN21PLURLaDlZdm9RckRPWTlwaVVJODFCUEFxbnVyOXZOQzVkYXhmaWgxT1E2R1ZMZ0pJTlVKU2tUNVJQM0tTdU5tYUgxSmhnRExJb0ZEMFdsT1NoY01jX0UzR0lFRUVzNnZnVGNsTWx6azlhUnFFSWFjcDdlb0JZVXNhclltQQ?oc=5\" target=\"_blank\" rel=\"noopener\">\u00c0 Washington, N\u00e9tanyahou propose \u00e0 nouveau de vider Gaza des Palestiniens<\/a>&nbsp;&nbsp;Mediapart<\/li>\n<li><a href=\"https:\/\/news.google.com\/rss\/articles\/CBMizwFBVV95cUxQbWlCMDBEN2xZTGZ2aWtwaVQ4Rks1UGV4U0VhSjA3eVJ6TGRXQURTMnBibW1GTmM2MFRocnJEMzc0ay1sdkVtWDZrOHNUcjVXNHh1Z1RiYVpqU2dHUzdpODJCNEkyaXJ0cGk0THNud0xDdjNnM25kNGxrQ29QMXJyNzRsbGluYkVXV0JQMm5WYTFjemFIU1IxOE9aeV9YSnZ0UFdSR0dKRzk4SHFxeFVjVG1SVjlCWkZBTUV4M3YxWkI5U3NMNWJzRFZGbU5oYWs?oc=5\" target=\"_blank\" rel=\"noopener\">Le BCG a mod\u00e9lis\u00e9 un plan de reconstruction de Gaza pr\u00e9voyant le d\u00e9placement de 500 000 Palestiniens<\/a>&nbsp;&nbsp;consultor.fr<\/li>\n<li><a href=\"https:\/\/news.google.com\/rss\/articles\/CBMi6AFBVV95cUxPUWFmMXRISFJSUkFjYVJCQkljUVlLUDZHUGVpM3pUY3IwcWNBemk0WFRKR25nTUlqMUNkVTIyaVdPNThISHpfOFRPYUgzbFpWdEc3ZjJ0cUNtZE1ub2MwUWpDV0toY21XYlBvenM1Qms5Si1aMnBGSDU5V2RPMlFkMTZSY3drMnRKVldDcUVNMVhNT1RNSlBWU2tQdENmSEd5Y2ktSEc3MFZOc3ZTV3BrZDl6cVo3c1laenE4Yi0zVDBqZTZKOWR0VU9SYUNsTjI4UnA5YkRWTTBZQU1xeEF3T3dJYmFDMmNG?oc=5\" target=\"_blank\" rel=\"noopener\">Un cabinet de conseil am\u00e9ricain a mod\u00e9lis\u00e9 le co\u00fbt d\u2019une \u00abrelocalisation\u00bb d\u2019un quart de la population \u00e0 Gaza<\/a>&nbsp;&nbsp;Le Figaro<\/li>\n<li><a href=\"https:\/\/news.google.com\/rss\/articles\/CBMizwFBVV95cUxNajhFejZBZXdwRENPT19rQ2hjZHE3TnJvZ1BTSG53QmxFZzFYM2ZiWGpPWXhiNE9tdEd6VHN6eFIyT1FCY3NxOXlORWowZFZXR0ZYbUk5OXlxTGp6NWdzdzZFVUNPbGxJUzV1a0d5QjYyMmJna3laQTBDbXBEbW01YzlyUEFZaWktbkhSQWlqWUF0UHZvTUh5cHhlSWx4Z2xPNEFXbXkyV2x6TzBYYmY4WW1iVXEtdTNqUjFlN0lweHY5OFU0VWtoLUpsNlNXSm8?oc=5\" target=\"_blank\" rel=\"noopener\">La Fondation de Tony Blair impliqu\u00e9e dans le plan Trump de Riviera \u00e0 Gaza, selon le Guardian<\/a>&nbsp;&nbsp;L&rsquo;Humanit\u00e9<\/li>\n<li><a href=\"https:\/\/news.google.com\/rss\/articles\/CBMihAFBVV95cUxQdXlDRzFkd09LMDF5SXUtcVMyMDRnbHRSQzktTUNPSW1pT1RaWmRTRFRLeVUxWDhhUUhKbFdGMGh1akk5Z2NSLXY3aDhVQUQ3bktXSFNyWHBRWmVYVDNwWUs4bHNmWkZIbDBhcnNrZ2EycFBnQWZhb3dCOWdkQXFwUGN5dnk?oc=5\" target=\"_blank\" rel=\"noopener\">Isra\u00ebl : la contrepartie de la tr\u00eave<\/a>&nbsp;&nbsp;Arte.tv<\/li>\n<\/ol>\n","protected":false},"excerpt":{"rendered":"\u00c0 Washington, N\u00e9tanyahou propose \u00e0 nouveau de vider Gaza des Palestiniens&nbsp;&nbsp;Mediapart Le BCG a mod\u00e9lis\u00e9 un plan de&hellip;\n","protected":false},"author":2,"featured_media":236252,"comment_status":"","ping_status":"","sticky":false,"template":"","format":"standard","meta":{"footnotes":""},"categories":[5],"tags":[11,75,73,1011,27,665,5106,14,664,12,31,28],"class_list":{"0":"post-236251","1":"post","2":"type-post","3":"status-publish","4":"format-standard","5":"has-post-thumbnail","7":"category-international","8":"tag-actualites","9":"tag-donald-trump","10":"tag-etats-unis","11":"tag-fr","12":"tag-france","13":"tag-gaza","14":"tag-guerre-au-proche-orient","15":"tag-international","16":"tag-israel","17":"tag-news","18":"tag-proche-et-moyen-orient","19":"tag-world"},"share_on_mastodon":{"url":"https:\/\/pubeurope.com\/@fr\/114820130109985112","error":""},"_links":{"self":[{"href":"https:\/\/www.europesays.com\/fr\/wp-json\/wp\/v2\/posts\/236251","targetHints":{"allow":["GET"]}}],"collection":[{"href":"https:\/\/www.europesays.com\/fr\/wp-json\/wp\/v2\/posts"}],"about":[{"href":"https:\/\/www.europesays.com\/fr\/wp-json\/wp\/v2\/types\/post"}],"author":[{"embeddable":true,"href":"https:\/\/www.europesays.com\/fr\/wp-json\/wp\/v2\/users\/2"}],"replies":[{"embeddable":true,"href":"https:\/\/www.europesays.com\/fr\/wp-json\/wp\/v2\/comments?post=236251"}],"version-history":[{"count":0,"href":"https:\/\/www.europesays.com\/fr\/wp-json\/wp\/v2\/posts\/236251\/revisions"}],"wp:featuredmedia":[{"embeddable":true,"href":"https:\/\/www.europesays.com\/fr\/wp-json\/wp\/v2\/media\/236252"}],"wp:attachment":[{"href":"https:\/\/www.europesays.com\/fr\/wp-json\/wp\/v2\/media?parent=236251"}],"wp:term":[{"taxonomy":"category","embeddable":true,"href":"https:\/\/www.europesays.com\/fr\/wp-json\/wp\/v2\/categories?post=236251"},{"taxonomy":"post_tag","embeddable":true,"href":"https:\/\/www.europesays.com\/fr\/wp-json\/wp\/v2\/tags?post=236251"}],"curies":[{"name":"wp","href":"https:\/\/api.w.org\/{rel}","templated":true}]}}