{"id":236253,"date":"2025-07-08T23:08:10","date_gmt":"2025-07-08T23:08:10","guid":{"rendered":"https:\/\/www.europesays.com\/fr\/236253\/"},"modified":"2025-07-08T23:08:10","modified_gmt":"2025-07-08T23:08:10","slug":"apres-ladoption-de-la-loi-duplomb-cette-femme-souffrant-dun-cancer-crie-sa-colere-a-lassemblee","status":"publish","type":"post","link":"https:\/\/www.europesays.com\/fr\/236253\/","title":{"rendered":"Apr\u00e8s l\u2019adoption de la loi Duplomb, cette femme souffrant d\u2019un cancer crie sa col\u00e8re \u00e0 l\u2019Assembl\u00e9e"},"content":{"rendered":"<p>        <img decoding=\"async\" loading=\"lazy\" src=\"https:\/\/www.europesays.com\/fr\/wp-content\/uploads\/2025\/07\/a206082_upload-1-sqhu7gvdgqcd-000-667k4lb.jpg\"  width=\"728\" height=\"409\" alt=\"Fleur Breteau, membre du collectif \u00ab Cancer Colere \u00bb, r\u00e9agit depuis la tribune publique apr\u00e8s l\u2019adoption de la \u00ab loi Duplomb \u00bb sur l\u2019agriculture.\"\/>  <\/p>\n<p>GUILLAUME BAPTISTE \/ AFP<\/p>\n<p>Fleur Breteau, membre du collectif \u00ab Cancer Colere \u00bb, r\u00e9agit depuis la tribune publique apr\u00e8s l\u2019adoption de la \u00ab loi Duplomb \u00bb sur l\u2019agriculture.<\/p>\n<p class=\"asset asset-text\">POLITIQUE &#8211; Un cri du c\u0153ur. Le Parlement a d\u00e9finitivement adopt\u00e9 ce mardi 8\u00a0juillet la <a href=\"https:\/\/www.huffingtonpost.fr\/france\/video\/loi-duplomb-ces-agriculteurs-de-la-confederation-paysanne-en-colere-contre-un-texte-dicte-par-l-agro-industrie_252019.html\" rel=\"nofollow noopener\" target=\"_blank\">loi agricole Duplomb-Menonville<\/a>, qui a fractur\u00e9 l\u2019Assembl\u00e9e nationale, notamment sur sa mesure de r\u00e9introduction d\u00e9rogatoire d\u2019un pesticide de type <a href=\"https:\/\/www.huffingtonpost.fr\/politique\/article\/un-pesticide-dans-des-colliers-anti-puces-pour-chats-et-chiens-la-curieuse-defense-de-genevard_250284.html\" rel=\"nofollow noopener\" target=\"_blank\">n\u00e9onicotino\u00efde<\/a>.<\/p>\n<p class=\"asset asset-text\">La gauche et les \u00e9cologistes ont d\u00e9nonc\u00e9 un \u00ab\u00a0recul majeur\u00a0\u00bb pour l\u2019environnement et de nombreuses associations \u00e9cologistes sont dans une col\u00e8re noire. Mais c\u2019est surtout la voix de Fleur Breteau, fondatrice du collectif Cancer col\u00e8re, que l\u2019on retiendra.<\/p>\n<p class=\"asset asset-text\">\u00ab\u00a0Vous \u00eates les alli\u00e9s du cancer, et nous le ferons savoir\u00a0!\u00a0\u00bb, a cri\u00e9 dans l\u2019h\u00e9micycle cette femme de 50\u00a0ans, qui se bat contre un cancer du sein, le deuxi\u00e8me en quatre ans. La militante, convi\u00e9e \u00e0 l\u2019Assembl\u00e9e par le groupe \u00e9cologiste, a re\u00e7u des applaudissements nourris des parlementaires oppos\u00e9s \u00e0 la loi initi\u00e9e par les s\u00e9nateurs Laurent\u00a0Duplomb\u00a0(LR) et Franck Menonville (UDI, centre).<\/p>\n<p> La lecture de ce contenu est susceptible d\u2019entra\u00eener un d\u00e9p\u00f4t de cookies de la part de l\u2019op\u00e9rateur tiers qui l\u2019h\u00e9berge. Compte-tenu des choix que vous avez exprim\u00e9s en mati\u00e8re de d\u00e9p\u00f4t de cookies, nous avons bloqu\u00e9 l\u2019affichage de ce contenu. Si vous souhaitez y acc\u00e9der, vous devez accepter la cat\u00e9gorie de cookies \u201cContenus tiers\u201d en cliquant sur le bouton ci-dessous. <\/p>\n<p> Lire la Vid\u00e9o        <\/p>\n<p class=\"asset asset-text\">\u00ab\u00a0Nous voulons dire \u00e0 tous les parlementaires\u00a0: si vous votez pour la loi Duplomb, si vous vous abstenez, nous vous consid\u00e9rerons comme des alli\u00e9s officiels du cancer. Cette loi est un d\u00e9tonateur.\u00a0\u00bb, avait d\u00e9j\u00e0 tanc\u00e9 Fleur Breteau, en conf\u00e9rence de presse avant le vote.<\/p>\n<p>                     \u00ab\u00a0Politiser\u00a0\u00bb le cancer    <\/p>\n<p class=\"asset asset-text\"><a href=\"https:\/\/www.nouvelobs.com\/societe\/20250708.OBS105712\/avec-la-loi-duplomb-on-nous-impose-d-accepter-le-risque-grandissant-de-cancer.html\" target=\"_blank\" rel=\"noopener nofollow\" title=\"Nouvelle fen\u00eatre\">Le Nouvel Obs<\/a> rapporte que Fleur Breteau a entam\u00e9 sa chimioth\u00e9rapie au moment o\u00f9 d\u00e9butait au Parlement l\u2019examen de ce texte qui pr\u00e9voit la r\u00e9introduction \u00e0 titre d\u00e9rogatoire et sous conditions de l\u2019ac\u00e9tamipride, pesticide de la famille des n\u00e9onicotino\u00efdes.<\/p>\n<p class=\"asset asset-text\">L\u2019ac\u00e9tamipride est interdit en France, mais autoris\u00e9 ailleurs en Europe jusqu\u2019en 2033. Ses effets sur l\u2019humain sont source de pr\u00e9occupations, m\u00eame si les risques restent incertains, faute d\u2019\u00e9tudes d\u2019ampleur. Le retour des n\u00e9onicotino\u00efdes est aussi d\u00e9cri\u00e9 par les d\u00e9fenseurs de la nature, les apiculteurs, la Conf\u00e9d\u00e9ration paysanne, mais aussi des r\u00e9gies publiques de l\u2019eau et des scientifiques qui ont r\u00e9cemment alert\u00e9 sur la \u00ab\u00a0persistance\u00a0\u00bb de ces substances dans l\u2019environnement.<\/p>\n<p class=\"asset asset-text\">Fleur Breteau a cr\u00e9\u00e9 le collectif Cancer col\u00e8re apr\u00e8s l\u2019adoption de la proposition de loi par les s\u00e9nateurs, le 27\u00a0janvier. \u00ab\u00a0Mon sang n\u2019a fait qu\u2019un tour\u00a0\u00bb, explique-t-elle dans une interview \u00e0 <a href=\"https:\/\/reporterre.net\/Voter-la-loi-Duplomb-c-est-voter-pour-le-cancer-Fleur-Breteau-malade-et-en-colere\" target=\"_blank\" rel=\"noopener nofollow\" title=\"Nouvelle fen\u00eatre\">Reporterre<\/a>. Elle souhaite d\u00e9sormais \u00ab\u00a0politiser\u00a0\u00bb le cancer, devenus, selon ses mots, \u00ab\u00a0une \u00e9pid\u00e9mie\u00a0\u00bb. Et fustige\u00a0: \u00ab\u00a0Il y a cinq ans, il parlait de guerre \u00e0 l\u2019heure du Covid. D\u00e9sormais, il se mure dans le silence pour mieux pr\u00e9server les int\u00e9r\u00eats \u00e9conomiques des plus riches.\u00a0\u00bb<\/p>\n","protected":false},"excerpt":{"rendered":"GUILLAUME BAPTISTE \/ AFP Fleur Breteau, membre du collectif \u00ab Cancer Colere \u00bb, r\u00e9agit depuis la tribune publique&hellip;\n","protected":false},"author":2,"featured_media":236254,"comment_status":"","ping_status":"","sticky":false,"template":"","format":"standard","meta":{"footnotes":""},"categories":[4],"tags":[11,416,6520,436,1011,27,12,316,25,71],"class_list":{"0":"post-236253","1":"post","2":"type-post","3":"status-publish","4":"format-standard","5":"has-post-thumbnail","7":"category-france","8":"tag-actualites","9":"tag-assemblee-nationale","10":"tag-cancers","11":"tag-environnement","12":"tag-fr","13":"tag-france","14":"tag-news","15":"tag-politique","16":"tag-republique-francaise","17":"tag-sante"},"share_on_mastodon":{"url":"https:\/\/pubeurope.com\/@fr\/114820133975579688","error":""},"_links":{"self":[{"href":"https:\/\/www.europesays.com\/fr\/wp-json\/wp\/v2\/posts\/236253","targetHints":{"allow":["GET"]}}],"collection":[{"href":"https:\/\/www.europesays.com\/fr\/wp-json\/wp\/v2\/posts"}],"about":[{"href":"https:\/\/www.europesays.com\/fr\/wp-json\/wp\/v2\/types\/post"}],"author":[{"embeddable":true,"href":"https:\/\/www.europesays.com\/fr\/wp-json\/wp\/v2\/users\/2"}],"replies":[{"embeddable":true,"href":"https:\/\/www.europesays.com\/fr\/wp-json\/wp\/v2\/comments?post=236253"}],"version-history":[{"count":0,"href":"https:\/\/www.europesays.com\/fr\/wp-json\/wp\/v2\/posts\/236253\/revisions"}],"wp:featuredmedia":[{"embeddable":true,"href":"https:\/\/www.europesays.com\/fr\/wp-json\/wp\/v2\/media\/236254"}],"wp:attachment":[{"href":"https:\/\/www.europesays.com\/fr\/wp-json\/wp\/v2\/media?parent=236253"}],"wp:term":[{"taxonomy":"category","embeddable":true,"href":"https:\/\/www.europesays.com\/fr\/wp-json\/wp\/v2\/categories?post=236253"},{"taxonomy":"post_tag","embeddable":true,"href":"https:\/\/www.europesays.com\/fr\/wp-json\/wp\/v2\/tags?post=236253"}],"curies":[{"name":"wp","href":"https:\/\/api.w.org\/{rel}","templated":true}]}}