{"id":236266,"date":"2025-07-08T23:17:10","date_gmt":"2025-07-08T23:17:10","guid":{"rendered":"https:\/\/www.europesays.com\/fr\/236266\/"},"modified":"2025-07-08T23:17:10","modified_gmt":"2025-07-08T23:17:10","slug":"previsions-du-mercredi-9-juillet-2025","status":"publish","type":"post","link":"https:\/\/www.europesays.com\/fr\/236266\/","title":{"rendered":"pr\u00e9visions du mercredi 9 juillet 2025"},"content":{"rendered":"<p>Un splendide soleil brillera sur Montpellier, o\u00f9 la journ\u00e9e s&rsquo;annoncera des plus plaisantes. Les temp\u00e9ratures avoisineront les 23\u00b0C. Les valeurs seront de 25\u00b0C au cours de la matin\u00e9e. Un vent de nord-est rafra\u00eechira l\u00e9g\u00e8rement l&rsquo;atmosph\u00e8re. Les temp\u00e9ratures vont conna\u00eetre une augmentation de quelques degr\u00e9s pendant l&rsquo;apr\u00e8s-midi. Les valeurs iront de 28 \u00e0 29\u00b0C. Le soir, le mercure affichera 24\u00b0C en moyenne. Pendant que vous dormirez, dans la nuit de mercredi \u00e0 jeudi, le ciel sera clair.<\/p>\n<p>Un beau soleil est pr\u00e9vu demain \u00e0 Montpellier. L&rsquo;air ambiant va se r\u00e9chauffer avec une hausse de quelques degr\u00e9s. La ville va ressentir des fortes chaleurs avec des temp\u00e9ratures qui pourraient monter \u00e0 30\u00b0C. Les valeurs s&rsquo;\u00e9chelonneront entre 19 et 30\u00b0C. Un modeste vent de sud-ouest sera ressenti par les habitants. Les temp\u00e9ratures vont enregistrer une augmentation de quelques degr\u00e9s dans l&rsquo;apr\u00e8s-midi. De tr\u00e8s grosses chaleurs (entre 28\u00b0C et 30\u00b0C) sont pr\u00e9vues. Les maximales atteindront les 30\u00b0C alors que les minimales seront de 28\u00b0C. Il va faire 25\u00b0C en moyenne demain soir.<\/p>\n<p>Le temps des jours suivants va changer peu \u00e0 peu. Le temps se maintiendra vendredi mais une d\u00e9gradation s&rsquo;ensuivra samedi.<\/p>\n<p><\/p>\n","protected":false},"excerpt":{"rendered":"Un splendide soleil brillera sur Montpellier, o\u00f9 la journ\u00e9e s&rsquo;annoncera des plus plaisantes. Les temp\u00e9ratures avoisineront les 23\u00b0C.&hellip;\n","protected":false},"author":2,"featured_media":236267,"comment_status":"","ping_status":"","sticky":false,"template":"","format":"standard","meta":{"footnotes":""},"categories":[9599],"tags":[1111,11,1777,674,1011,27,7089,2681,2208,12,2680,2119,25],"class_list":{"0":"post-236266","1":"post","2":"type-post","3":"status-publish","4":"format-standard","5":"has-post-thumbnail","7":"category-montpellier","8":"tag-actu","9":"tag-actualites","10":"tag-eu","11":"tag-europe","12":"tag-fr","13":"tag-france","14":"tag-herault","15":"tag-languedoc-roussillon","16":"tag-montpellier","17":"tag-news","18":"tag-occitanie","19":"tag-previsions-meteo","20":"tag-republique-francaise"},"share_on_mastodon":{"url":"https:\/\/pubeurope.com\/@fr\/114820169650488166","error":""},"_links":{"self":[{"href":"https:\/\/www.europesays.com\/fr\/wp-json\/wp\/v2\/posts\/236266","targetHints":{"allow":["GET"]}}],"collection":[{"href":"https:\/\/www.europesays.com\/fr\/wp-json\/wp\/v2\/posts"}],"about":[{"href":"https:\/\/www.europesays.com\/fr\/wp-json\/wp\/v2\/types\/post"}],"author":[{"embeddable":true,"href":"https:\/\/www.europesays.com\/fr\/wp-json\/wp\/v2\/users\/2"}],"replies":[{"embeddable":true,"href":"https:\/\/www.europesays.com\/fr\/wp-json\/wp\/v2\/comments?post=236266"}],"version-history":[{"count":0,"href":"https:\/\/www.europesays.com\/fr\/wp-json\/wp\/v2\/posts\/236266\/revisions"}],"wp:featuredmedia":[{"embeddable":true,"href":"https:\/\/www.europesays.com\/fr\/wp-json\/wp\/v2\/media\/236267"}],"wp:attachment":[{"href":"https:\/\/www.europesays.com\/fr\/wp-json\/wp\/v2\/media?parent=236266"}],"wp:term":[{"taxonomy":"category","embeddable":true,"href":"https:\/\/www.europesays.com\/fr\/wp-json\/wp\/v2\/categories?post=236266"},{"taxonomy":"post_tag","embeddable":true,"href":"https:\/\/www.europesays.com\/fr\/wp-json\/wp\/v2\/tags?post=236266"}],"curies":[{"name":"wp","href":"https:\/\/api.w.org\/{rel}","templated":true}]}}