{"id":236270,"date":"2025-07-08T23:19:12","date_gmt":"2025-07-08T23:19:12","guid":{"rendered":"https:\/\/www.europesays.com\/fr\/236270\/"},"modified":"2025-07-08T23:19:12","modified_gmt":"2025-07-08T23:19:12","slug":"pres-de-rouen-cette-mere-surprend-un-pervers-a-la-piscine","status":"publish","type":"post","link":"https:\/\/www.europesays.com\/fr\/236270\/","title":{"rendered":"pr\u00e8s de Rouen, cette m\u00e8re surprend un pervers \u00e0 la piscine"},"content":{"rendered":"<p>            Par<br \/>\n        <strong><br \/>\n            <a href=\"https:\/\/actu.fr\/auteur\/adrien-filoche\" title=\"Consulter tous les articles de Adrien Filoche\" target=\"_blank\" rel=\"noopener\">Adrien Filoche<\/a><br \/>\n        <\/strong><\/p>\n<p>        Publi\u00e9 le<\/p>\n<p>            8 juil. 2025 \u00e0 20h18        <\/p>\n<p><strong>Un traumatisme.<\/strong> Dans la soir\u00e9e du vendredi 4\u00a0juillet 2025, apr\u00e8s une s\u00e9ance plut\u00f4t tranquille \u00e0 la piscine de l\u2019Archipel de <a href=\"https:\/\/actu.fr\/normandie\/petit-couronne_76497\" target=\"_blank\" rel=\"noopener\">Petit-Couronne (Seine-Maritime)<\/a>, pr\u00e8s de <a href=\"https:\/\/actu.fr\/normandie\/rouen_76540\" target=\"_blank\" rel=\"noopener\">Rouen<\/a>, Sarah et son fils de 4\u00a0ans ont \u00e9t\u00e9 t\u00e9moins d\u2019une sc\u00e8ne choquante. Ils ont aper\u00e7u sur le sol <strong>un t\u00e9l\u00e9phone en train de les filmer <\/strong>alors qu\u2019ils se changeaient\u00a0dans une cabine. Le voyeur, un homme \u00e2g\u00e9 d\u2019environ 70\u00a0ans, surpris en pleine action, est parvenu \u00e0 s\u2019enfuir. La maman, tr\u00e8s en col\u00e8re, raconte ce qu\u2019elle a v\u00e9cu aupr\u00e8s de 76actu.\u00a0<strong>Une plainte a \u00e9t\u00e9 d\u00e9pos\u00e9e.<\/strong><\/p>\n<p>Elle voit le t\u00e9l\u00e9phone en train de la filmer<\/p>\n<p class=\" wall-content\">\u00ab\u2009Je suis encore sous le choc\u2009\u00bb, relate Sarah. Au moment de se changer dans la cabine avec son fils de 4 ans, elle voit un t\u00e9l\u00e9phone au sol. \u00ab\u2009Au d\u00e9but, je pensais que c\u2019\u00e9tait le mien et que mon fils l\u2019avait fait tomber\u2009\u00bb, confie-t-elle. Sauf que ce t\u00e9l\u00e9phone n\u2019est pas le sien.<\/p>\n<p class=\" wall-content\">La maman remarque que <strong>le smartphone est en train de filmer<\/strong>. Choqu\u00e9e, elle crie. Une main appara\u00eet et r\u00e9cup\u00e8re le t\u00e9l\u00e9phone. \u00ab\u2009L\u2019agent d\u2019accueil a vu la sc\u00e8ne. Il a pris en photo le monsieur\u2009\u00bb, poursuit Sarah.<\/p>\n<p class=\" wall-content\">Selon elle, <strong>le voyeur est un homme \u00e2g\u00e9 d\u2019environ 70\u00a0ans<\/strong>. \u00ab\u2009Je l\u2019ai insult\u00e9 de tous les noms, j\u2019\u00e9tais en furie, se rem\u00e9more-t-elle. Je lui ai dit que j\u2019allais d\u00e9poser plainte. Il m\u2019a dit de le faire.\u2009\u00bb<\/p>\n<p>\u00ab\u2009\u00c9viter que \u00e7a arrive \u00e0 d\u2019autres\u2009\u00bb<\/p>\n<p class=\" wall-content\">Deux ma\u00eetres-nageurs interviennent. <strong>La police est alert\u00e9e<\/strong>. Mais avant l\u2019arriv\u00e9e des forces de l\u2019ordre, le pervers parvient \u00e0 s\u2019enfuir. \u00ab\u2009J\u2019aurais d\u00fb le bloquer\u2009\u00bb, peste Sarah. Et d\u2019ajouter\u2009: \u00ab\u2009Il est capable de faire n\u2019importe quoi \u00e0 n\u2019importe qui.\u2009\u00bb<\/p>\n<blockquote class=\"ac-article-quote wall-content\">\n<p>On m&rsquo;a dit qu&rsquo;il y avait d\u00e9j\u00e0 eu des soucis avec ce monsieur.<\/p>\n<p>    <strong>Sarah<\/strong>\n            <\/p><\/blockquote>\n<p class=\" wall-content\">Habituellement, Sarah se rend environ une fois par mois dans la piscine de Petit-Couronne, \u00ab\u2009mon fils pr\u00e9f\u00e8re celle-ci car il y a des jeux d\u2019eaux et des toboggans\u2009\u00bb. Mais depuis l\u2019incident, pas question d\u2019y retourner.<\/p>\n<p class=\" wall-content\">Interrog\u00e9e par 76actu, la responsable de la piscine confirme que <strong>l\u2019homme a \u00e9t\u00e9 banni de l\u2019\u00e9tablissement<\/strong>, mais ne souhaite pas apporter de commentaire. Pour ce qui est de la victime, \u00ab\u2009je veux en parler pour pr\u00e9venir les parents et \u00e9viter que \u00e7a arrive \u00e0 d\u2019autres\u2009\u00bb.<\/p>\n<p>Suivez l\u2019actualit\u00e9 de Rouen sur <a href=\"https:\/\/www.whatsapp.com\/channel\/0029VaKfnf99hXF2ddApFB1D\" target=\"_blank\" rel=\"noopener\">notre cha\u00eene WhatsApp<\/a> et sur <a href=\"https:\/\/www.tiktok.com\/@76actu.fr?lang=fr\" target=\"_blank\" rel=\"noopener\">notre compte TikTok<\/a><\/p>\n<p class=\" wall-content\">Suivez toute l\u2019actualit\u00e9 de vos villes et m\u00e9dias favoris en vous inscrivant \u00e0 <a href=\"https:\/\/moncompte.actu.fr\" title=\"D\u00e9couvez Mon Actu\" rel=\"nofollow noopener\" data-trk=\"{&quot;cta&quot;:{&quot;action&quot;:&quot;https:\\\/\\\/moncompte.actu.fr&quot;,&quot;category&quot;:&quot;mon compte&quot;,&quot;from&quot;:&quot;article footer&quot;,&quot;name&quot;:&quot;Mon actu&quot;,&quot;type&quot;:&quot;cta&quot;}}\" target=\"_blank\">Mon Actu<\/a>.<\/p>\n<p>                    <script async src=\"\/\/www.tiktok.com\/embed.js\"><\/script><\/p>\n","protected":false},"excerpt":{"rendered":"Par Adrien Filoche Publi\u00e9 le 8 juil. 2025 \u00e0 20h18 Un traumatisme. Dans la soir\u00e9e du vendredi 4\u00a0juillet&hellip;\n","protected":false},"author":2,"featured_media":236271,"comment_status":"","ping_status":"","sticky":false,"template":"","format":"standard","meta":{"footnotes":""},"categories":[9587],"tags":[1111,11,1777,674,118,1011,27,12,5161,1072,25,9590],"class_list":{"0":"post-236270","1":"post","2":"type-post","3":"status-publish","4":"format-standard","5":"has-post-thumbnail","7":"category-rouen","8":"tag-actu","9":"tag-actualites","10":"tag-eu","11":"tag-europe","12":"tag-faits-divers","13":"tag-fr","14":"tag-france","15":"tag-news","16":"tag-normandie","17":"tag-police","18":"tag-republique-francaise","19":"tag-rouen"},"share_on_mastodon":{"url":"https:\/\/pubeurope.com\/@fr\/114820177480518910","error":""},"_links":{"self":[{"href":"https:\/\/www.europesays.com\/fr\/wp-json\/wp\/v2\/posts\/236270","targetHints":{"allow":["GET"]}}],"collection":[{"href":"https:\/\/www.europesays.com\/fr\/wp-json\/wp\/v2\/posts"}],"about":[{"href":"https:\/\/www.europesays.com\/fr\/wp-json\/wp\/v2\/types\/post"}],"author":[{"embeddable":true,"href":"https:\/\/www.europesays.com\/fr\/wp-json\/wp\/v2\/users\/2"}],"replies":[{"embeddable":true,"href":"https:\/\/www.europesays.com\/fr\/wp-json\/wp\/v2\/comments?post=236270"}],"version-history":[{"count":0,"href":"https:\/\/www.europesays.com\/fr\/wp-json\/wp\/v2\/posts\/236270\/revisions"}],"wp:featuredmedia":[{"embeddable":true,"href":"https:\/\/www.europesays.com\/fr\/wp-json\/wp\/v2\/media\/236271"}],"wp:attachment":[{"href":"https:\/\/www.europesays.com\/fr\/wp-json\/wp\/v2\/media?parent=236270"}],"wp:term":[{"taxonomy":"category","embeddable":true,"href":"https:\/\/www.europesays.com\/fr\/wp-json\/wp\/v2\/categories?post=236270"},{"taxonomy":"post_tag","embeddable":true,"href":"https:\/\/www.europesays.com\/fr\/wp-json\/wp\/v2\/tags?post=236270"}],"curies":[{"name":"wp","href":"https:\/\/api.w.org\/{rel}","templated":true}]}}