{"id":236275,"date":"2025-07-08T23:23:09","date_gmt":"2025-07-08T23:23:09","guid":{"rendered":"https:\/\/www.europesays.com\/fr\/236275\/"},"modified":"2025-07-08T23:23:09","modified_gmt":"2025-07-08T23:23:09","slug":"previsions-du-mercredi-9-juillet-2025-2","status":"publish","type":"post","link":"https:\/\/www.europesays.com\/fr\/236275\/","title":{"rendered":"pr\u00e9visions du mercredi 9 juillet 2025"},"content":{"rendered":"<p>Un beau soleil est attendu aujourd&rsquo;hui \u00e0 Rennes. Les valeurs seront de 20\u00b0C. Dans la matin\u00e9e, les temp\u00e9ratures avoisineront les 21\u00b0C. Une l\u00e9g\u00e8re brise de nord-est sera ressentie par les habitants. Les temp\u00e9ratures vont monter pendant l&rsquo;apr\u00e8s-midi de plusieurs degr\u00e9s. Attention \u00e0 la vague de chaud. Des temp\u00e9ratures de 28 \u00e0 30\u00b0C sont attendues. Les valeurs s&rsquo;\u00e9chelonneront entre 28 et 30\u00b0C. Le soir, on anticipe des temp\u00e9ratures d&rsquo;environ 21\u00b0C. Le passage de mercredi \u00e0 jeudi s&rsquo;effectuera sous un ciel d\u00e9pourvu de nuages.<\/p>\n<p>C&rsquo;est un soleil radieux qui va se montrer demain sur Rennes. C&rsquo;est une hausse de quelques degr\u00e9s que vont conna\u00eetre les temp\u00e9ratures. L&rsquo;\u00e9pisode de grosses chaleurs est bien l\u00e0, avec des valeurs qui pourront aller \u00e0 32\u00b0C. Les temp\u00e9ratures seront comprises entre 12 et 32\u00b0C. Un vent de nord-est rafra\u00eechira quelque peu l&rsquo;atmosph\u00e8re. Les fortes chaleurs sont pr\u00e9sentes. Avec des valeurs \u00e9chelonn\u00e9es entre 17 et 30\u00b0C. Il va faire 24\u00b0C en moyenne le matin. Les temp\u00e9ratures vont enregistrer une augmentation de plusieurs degr\u00e9s lors de l&rsquo;apr\u00e8s-midi. La ville va subir une vague d&rsquo;importantes chaleurs avec des temp\u00e9ratures qui atteindront parfois les 32\u00b0C.<\/p>\n<p>Pour les jours \u00e0 venir, la m\u00e9t\u00e9o ne bougera pas. Comptez sur 36\u00b0C en moyenne qui accompagneront des journ\u00e9es ensoleill\u00e9es.<\/p>\n<p><\/p>\n","protected":false},"excerpt":{"rendered":"Un beau soleil est attendu aujourd&rsquo;hui \u00e0 Rennes. Les valeurs seront de 20\u00b0C. Dans la matin\u00e9e, les temp\u00e9ratures&hellip;\n","protected":false},"author":2,"featured_media":236276,"comment_status":"","ping_status":"","sticky":false,"template":"","format":"standard","meta":{"footnotes":""},"categories":[2821],"tags":[1111,11,829,1777,674,1011,27,848,12,2119,584,25],"class_list":{"0":"post-236275","1":"post","2":"type-post","3":"status-publish","4":"format-standard","5":"has-post-thumbnail","7":"category-rennes","8":"tag-actu","9":"tag-actualites","10":"tag-bretagne","11":"tag-eu","12":"tag-europe","13":"tag-fr","14":"tag-france","15":"tag-ille-et-vilaine","16":"tag-news","17":"tag-previsions-meteo","18":"tag-rennes","19":"tag-republique-francaise"},"share_on_mastodon":{"url":"https:\/\/pubeurope.com\/@fr\/114820192939109574","error":""},"_links":{"self":[{"href":"https:\/\/www.europesays.com\/fr\/wp-json\/wp\/v2\/posts\/236275","targetHints":{"allow":["GET"]}}],"collection":[{"href":"https:\/\/www.europesays.com\/fr\/wp-json\/wp\/v2\/posts"}],"about":[{"href":"https:\/\/www.europesays.com\/fr\/wp-json\/wp\/v2\/types\/post"}],"author":[{"embeddable":true,"href":"https:\/\/www.europesays.com\/fr\/wp-json\/wp\/v2\/users\/2"}],"replies":[{"embeddable":true,"href":"https:\/\/www.europesays.com\/fr\/wp-json\/wp\/v2\/comments?post=236275"}],"version-history":[{"count":0,"href":"https:\/\/www.europesays.com\/fr\/wp-json\/wp\/v2\/posts\/236275\/revisions"}],"wp:featuredmedia":[{"embeddable":true,"href":"https:\/\/www.europesays.com\/fr\/wp-json\/wp\/v2\/media\/236276"}],"wp:attachment":[{"href":"https:\/\/www.europesays.com\/fr\/wp-json\/wp\/v2\/media?parent=236275"}],"wp:term":[{"taxonomy":"category","embeddable":true,"href":"https:\/\/www.europesays.com\/fr\/wp-json\/wp\/v2\/categories?post=236275"},{"taxonomy":"post_tag","embeddable":true,"href":"https:\/\/www.europesays.com\/fr\/wp-json\/wp\/v2\/tags?post=236275"}],"curies":[{"name":"wp","href":"https:\/\/api.w.org\/{rel}","templated":true}]}}