{"id":236279,"date":"2025-07-08T23:25:10","date_gmt":"2025-07-08T23:25:10","guid":{"rendered":"https:\/\/www.europesays.com\/fr\/236279\/"},"modified":"2025-07-08T23:25:10","modified_gmt":"2025-07-08T23:25:10","slug":"previsions-du-mercredi-9-juillet-2025-3","status":"publish","type":"post","link":"https:\/\/www.europesays.com\/fr\/236279\/","title":{"rendered":"pr\u00e9visions du mercredi 9 juillet 2025"},"content":{"rendered":"<p>Le soleil sera dominant, la promesse d&rsquo;une belle journ\u00e9e \u00e0 Strasbourg ! Les temp\u00e9ratures seront de 10\u00b0C au minimum et de 25\u00b0C au maximum. Un l\u00e9ger vent de sud-ouest sera ressenti par les habitants. Le matin, on anticipe des valeurs d&rsquo;environ 18\u00b0C. L&rsquo;air ambiant va se r\u00e9chauffer l&rsquo;apr\u00e8s-midi avec une augmentation de plusieurs degr\u00e9s. Les temp\u00e9ratures seront comprises entre 23 et 25\u00b0C. On pr\u00e9voit une nuit claire entre mercredi et jeudi.<\/p>\n<p>Demain, un grand soleil rayonnera sur Strasbourg. Un temps plus chaud est attendu puisque le mercure va conna\u00eetre une hausse. Le thermom\u00e8tre affichera 20\u00b0C en moyenne. Un vent de nord-est rafra\u00eechira quelque peu l&rsquo;atmosph\u00e8re. Demain apr\u00e8s-midi, c&rsquo;est une hausse de plusieurs degr\u00e9s que vont enregistrer les temp\u00e9ratures. Les valeurs afficheront entre 25 et 27\u00b0C. Les temp\u00e9ratures seront de 21\u00b0C au cours de la soir\u00e9e.<\/p>\n<p>Les jours se suivent et ne changent pas. Il fera 29\u00b0C en moyenne pour des journ\u00e9es avec une m\u00e9t\u00e9o ensoleill\u00e9e.<\/p>\n<p><\/p>\n","protected":false},"excerpt":{"rendered":"Le soleil sera dominant, la promesse d&rsquo;une belle journ\u00e9e \u00e0 Strasbourg ! Les temp\u00e9ratures seront de 10\u00b0C au&hellip;\n","protected":false},"author":2,"featured_media":236280,"comment_status":"","ping_status":"","sticky":false,"template":"","format":"standard","meta":{"footnotes":""},"categories":[2820],"tags":[1111,11,2389,2649,1777,674,1011,27,775,12,2119,25,640],"class_list":{"0":"post-236279","1":"post","2":"type-post","3":"status-publish","4":"format-standard","5":"has-post-thumbnail","7":"category-strasbourg","8":"tag-actu","9":"tag-actualites","10":"tag-alsace","11":"tag-bas-rhin","12":"tag-eu","13":"tag-europe","14":"tag-fr","15":"tag-france","16":"tag-grand-est","17":"tag-news","18":"tag-previsions-meteo","19":"tag-republique-francaise","20":"tag-strasbourg"},"share_on_mastodon":{"url":"https:\/\/pubeurope.com\/@fr\/114820201055131178","error":""},"_links":{"self":[{"href":"https:\/\/www.europesays.com\/fr\/wp-json\/wp\/v2\/posts\/236279","targetHints":{"allow":["GET"]}}],"collection":[{"href":"https:\/\/www.europesays.com\/fr\/wp-json\/wp\/v2\/posts"}],"about":[{"href":"https:\/\/www.europesays.com\/fr\/wp-json\/wp\/v2\/types\/post"}],"author":[{"embeddable":true,"href":"https:\/\/www.europesays.com\/fr\/wp-json\/wp\/v2\/users\/2"}],"replies":[{"embeddable":true,"href":"https:\/\/www.europesays.com\/fr\/wp-json\/wp\/v2\/comments?post=236279"}],"version-history":[{"count":0,"href":"https:\/\/www.europesays.com\/fr\/wp-json\/wp\/v2\/posts\/236279\/revisions"}],"wp:featuredmedia":[{"embeddable":true,"href":"https:\/\/www.europesays.com\/fr\/wp-json\/wp\/v2\/media\/236280"}],"wp:attachment":[{"href":"https:\/\/www.europesays.com\/fr\/wp-json\/wp\/v2\/media?parent=236279"}],"wp:term":[{"taxonomy":"category","embeddable":true,"href":"https:\/\/www.europesays.com\/fr\/wp-json\/wp\/v2\/categories?post=236279"},{"taxonomy":"post_tag","embeddable":true,"href":"https:\/\/www.europesays.com\/fr\/wp-json\/wp\/v2\/tags?post=236279"}],"curies":[{"name":"wp","href":"https:\/\/api.w.org\/{rel}","templated":true}]}}