{"id":236287,"date":"2025-07-08T23:29:09","date_gmt":"2025-07-08T23:29:09","guid":{"rendered":"https:\/\/www.europesays.com\/fr\/236287\/"},"modified":"2025-07-08T23:29:09","modified_gmt":"2025-07-08T23:29:09","slug":"previsions-du-mercredi-9-juillet-2025-5","status":"publish","type":"post","link":"https:\/\/www.europesays.com\/fr\/236287\/","title":{"rendered":"pr\u00e9visions du mercredi 9 juillet 2025"},"content":{"rendered":"<p>Le soleil sera dominant, la garantie d&rsquo;une magnifique journ\u00e9e \u00e0 Nantes ! Les valeurs iront de 11 \u00e0 32\u00b0C. Un vent de nord-est rafra\u00eechira sensiblement l&rsquo;atmosph\u00e8re. Le matin, on pr\u00e9voit des temp\u00e9ratures d&rsquo;environ 21\u00b0C. Une m\u00e9t\u00e9o plus chaude est \u00e0 pr\u00e9voir l&rsquo;apr\u00e8s-midi \u00e9tant donn\u00e9 que le mercure va enregistrer une hausse. Les valeurs maximums attendues sont importantes, avec 32\u00b0C. L&rsquo;\u00e9pisode de fortes chaleurs est bien l\u00e0, avec des temp\u00e9ratures qui pourront monter \u00e0 30\u00b0C le soir. Durant la nuit de mercredi \u00e0 jeudi, le ciel sera limpide.<\/p>\n<p>Demain, les Nantais vont pouvoir profiter d&rsquo;un soleil radieux. L&rsquo;air ambiant va se r\u00e9chauffer avec une augmentation de quelques degr\u00e9s. Les grosses chaleurs sont pr\u00e9sentes. Avec des valeurs situ\u00e9es entre 14 et 33\u00b0C. Les temp\u00e9ratures s&rsquo;\u00e9chelonneront entre 14 et 33\u00b0C. Une petite brise de nord-est sera ressentie par les habitants. La matin\u00e9e va \u00eatre tr\u00e8s suffocante : jusqu&rsquo;\u00e0 31\u00b0C. Demain apr\u00e8s-midi, c&rsquo;est une hausse de plusieurs degr\u00e9s que vont conna\u00eetre les temp\u00e9ratures. La ville va subir une vague d&rsquo;importantes chaleurs avec des valeurs qui rejoindront parfois les 33\u00b0C. Demain soir, de tr\u00e8s fortes chaleurs (entre 25\u00b0C et 32\u00b0C) sont pr\u00e9vues.<\/p>\n<p>Pour les jours \u00e0 venir, le temps ne bougera pas. Il fera 36\u00b0C en moyenne pour des journ\u00e9es avec une m\u00e9t\u00e9o ensoleill\u00e9e.<\/p>\n<p>En cette p\u00e9riode de fortes chaleurs, il est primordial de rester vigilant. Pensez \u00e0 boire r\u00e9guli\u00e8rement et \u00e0 vous cacher des rayons du soleil. Pendant vos activit\u00e9s en ext\u00e9rieur, l&rsquo;\u00e9cran solaire est un indispensable pour \u00e9chapper aux coups de soleil !<\/p>\n","protected":false},"excerpt":{"rendered":"Le soleil sera dominant, la garantie d&rsquo;une magnifique journ\u00e9e \u00e0 Nantes ! Les valeurs iront de 11 \u00e0&hellip;\n","protected":false},"author":2,"featured_media":236288,"comment_status":"","ping_status":"","sticky":false,"template":"","format":"standard","meta":{"footnotes":""},"categories":[2818],"tags":[1111,11,1777,674,1011,27,766,12,2636,2119,25],"class_list":{"0":"post-236287","1":"post","2":"type-post","3":"status-publish","4":"format-standard","5":"has-post-thumbnail","7":"category-nantes","8":"tag-actu","9":"tag-actualites","10":"tag-eu","11":"tag-europe","12":"tag-fr","13":"tag-france","14":"tag-nantes","15":"tag-news","16":"tag-pays-de-la-loire","17":"tag-previsions-meteo","18":"tag-republique-francaise"},"share_on_mastodon":{"url":"https:\/\/pubeurope.com\/@fr\/114820216549394566","error":""},"_links":{"self":[{"href":"https:\/\/www.europesays.com\/fr\/wp-json\/wp\/v2\/posts\/236287","targetHints":{"allow":["GET"]}}],"collection":[{"href":"https:\/\/www.europesays.com\/fr\/wp-json\/wp\/v2\/posts"}],"about":[{"href":"https:\/\/www.europesays.com\/fr\/wp-json\/wp\/v2\/types\/post"}],"author":[{"embeddable":true,"href":"https:\/\/www.europesays.com\/fr\/wp-json\/wp\/v2\/users\/2"}],"replies":[{"embeddable":true,"href":"https:\/\/www.europesays.com\/fr\/wp-json\/wp\/v2\/comments?post=236287"}],"version-history":[{"count":0,"href":"https:\/\/www.europesays.com\/fr\/wp-json\/wp\/v2\/posts\/236287\/revisions"}],"wp:featuredmedia":[{"embeddable":true,"href":"https:\/\/www.europesays.com\/fr\/wp-json\/wp\/v2\/media\/236288"}],"wp:attachment":[{"href":"https:\/\/www.europesays.com\/fr\/wp-json\/wp\/v2\/media?parent=236287"}],"wp:term":[{"taxonomy":"category","embeddable":true,"href":"https:\/\/www.europesays.com\/fr\/wp-json\/wp\/v2\/categories?post=236287"},{"taxonomy":"post_tag","embeddable":true,"href":"https:\/\/www.europesays.com\/fr\/wp-json\/wp\/v2\/tags?post=236287"}],"curies":[{"name":"wp","href":"https:\/\/api.w.org\/{rel}","templated":true}]}}