{"id":236298,"date":"2025-07-08T23:35:10","date_gmt":"2025-07-08T23:35:10","guid":{"rendered":"https:\/\/www.europesays.com\/fr\/236298\/"},"modified":"2025-07-08T23:35:10","modified_gmt":"2025-07-08T23:35:10","slug":"previsions-du-mercredi-9-juillet-2025-7","status":"publish","type":"post","link":"https:\/\/www.europesays.com\/fr\/236298\/","title":{"rendered":"pr\u00e9visions du mercredi 9 juillet 2025"},"content":{"rendered":"<p>Le soleil sera au rendez-vous \u00e0 Lille : une magnifique journ\u00e9e se pr\u00e9sente ! Les temp\u00e9ratures s&rsquo;\u00e9chelonneront de 11 \u00e0 26\u00b0C. Il fera 20\u00b0C en moyenne le matin. Un petit vent de sud-ouest sera ressenti par les habitants. L&rsquo;apr\u00e8s-midi, c&rsquo;est une hausse de plusieurs degr\u00e9s que vont enregistrer les temp\u00e9ratures. Les valeurs seront comprises entre 24 et 26\u00b0C. Le passage de mercredi \u00e0 jeudi se fera sous un ciel limpide.<\/p>\n<p>Demain, un important soleil brillera sur Lille. Un temps plus chaud est \u00e0 pr\u00e9voir \u00e9tant donn\u00e9 que les temp\u00e9ratures vont conna\u00eetre une augmentation. Les valeurs afficheront entre 13 et 27\u00b0C. Un vent de nord-est rafra\u00eechira quelque peu l&rsquo;atmosph\u00e8re. Il va faire environ 21\u00b0C, le matin. Les temp\u00e9ratures vont grimper pendant l&rsquo;apr\u00e8s-midi de plusieurs degr\u00e9s. Les valeurs s&rsquo;\u00e9chelonneront entre 26 et 27\u00b0C. Demain soir, le mercure affichera 22\u00b0C en moyenne.<\/p>\n<p>Peu de changements au fil des jours. Un ciel ensoleill\u00e9, avec des temp\u00e9ratures de 29\u00b0C en moyenne, est pr\u00e9vu.<\/p>\n<p><\/p>\n","protected":false},"excerpt":{"rendered":"Le soleil sera au rendez-vous \u00e0 Lille : une magnifique journ\u00e9e se pr\u00e9sente ! Les temp\u00e9ratures s&rsquo;\u00e9chelonneront de&hellip;\n","protected":false},"author":2,"featured_media":236299,"comment_status":"","ping_status":"","sticky":false,"template":"","format":"standard","meta":{"footnotes":""},"categories":[2815],"tags":[1111,11,1777,674,1011,27,811,1307,12,2119,25],"class_list":{"0":"post-236298","1":"post","2":"type-post","3":"status-publish","4":"format-standard","5":"has-post-thumbnail","7":"category-lille","8":"tag-actu","9":"tag-actualites","10":"tag-eu","11":"tag-europe","12":"tag-fr","13":"tag-france","14":"tag-hauts-de-france","15":"tag-lille","16":"tag-news","17":"tag-previsions-meteo","18":"tag-republique-francaise"},"share_on_mastodon":{"url":"https:\/\/pubeurope.com\/@fr\/114820240307161519","error":""},"_links":{"self":[{"href":"https:\/\/www.europesays.com\/fr\/wp-json\/wp\/v2\/posts\/236298","targetHints":{"allow":["GET"]}}],"collection":[{"href":"https:\/\/www.europesays.com\/fr\/wp-json\/wp\/v2\/posts"}],"about":[{"href":"https:\/\/www.europesays.com\/fr\/wp-json\/wp\/v2\/types\/post"}],"author":[{"embeddable":true,"href":"https:\/\/www.europesays.com\/fr\/wp-json\/wp\/v2\/users\/2"}],"replies":[{"embeddable":true,"href":"https:\/\/www.europesays.com\/fr\/wp-json\/wp\/v2\/comments?post=236298"}],"version-history":[{"count":0,"href":"https:\/\/www.europesays.com\/fr\/wp-json\/wp\/v2\/posts\/236298\/revisions"}],"wp:featuredmedia":[{"embeddable":true,"href":"https:\/\/www.europesays.com\/fr\/wp-json\/wp\/v2\/media\/236299"}],"wp:attachment":[{"href":"https:\/\/www.europesays.com\/fr\/wp-json\/wp\/v2\/media?parent=236298"}],"wp:term":[{"taxonomy":"category","embeddable":true,"href":"https:\/\/www.europesays.com\/fr\/wp-json\/wp\/v2\/categories?post=236298"},{"taxonomy":"post_tag","embeddable":true,"href":"https:\/\/www.europesays.com\/fr\/wp-json\/wp\/v2\/tags?post=236298"}],"curies":[{"name":"wp","href":"https:\/\/api.w.org\/{rel}","templated":true}]}}