{"id":236300,"date":"2025-07-08T23:36:27","date_gmt":"2025-07-08T23:36:27","guid":{"rendered":"https:\/\/www.europesays.com\/fr\/236300\/"},"modified":"2025-07-08T23:36:27","modified_gmt":"2025-07-08T23:36:27","slug":"brevet-2025-les-resultats-tombent-ce-mardi-a-lille-strasbourg-ou-encore-bordeaux","status":"publish","type":"post","link":"https:\/\/www.europesays.com\/fr\/236300\/","title":{"rendered":"Brevet 2025\u00a0: les r\u00e9sultats tombent ce mardi \u00e0 Lille, Strasbourg ou encore Bordeaux"},"content":{"rendered":"<p>Contrairement au baccalaur\u00e9at <a href=\"https:\/\/alencon.maville.com\/actu\/actudet_-bac-2025-retrouvez-tous-les-resultats-academie-par-academie-_52671-6885358_actu.Htm\" target=\"_self\" rel=\"noopener\">dont les r\u00e9sultats sont publi\u00e9s le m\u00eame jour<\/a> dans toute la France, ceux du brevet s\u2019\u00e9grainent tout au long de la semaine. <a href=\"https:\/\/rennes.maville.com\/actu\/actudet_-brevet-2025-les-premiers-resultats-commencent-a-tomber-ce-lundi-_54135-6889297_actu.Htm\" target=\"_self\" rel=\"noopener\">Apr\u00e8s Mayotte, La R\u00e9union et la Corse lundi<\/a>, c\u2019est au tour des acad\u00e9mies de Besan\u00e7on (10\u00a0h), Orl\u00e9ans-Tours (12\u00a0h), Limoges (14\u00a0h), Lille (14\u00a0h), Clermont-Ferrand (14\u00a0h), Bordeaux (17\u00a0h) et enfin Strasbourg (18\u00a0h) de d\u00e9voiler les r\u00e9sultats du brevet des coll\u00e8ges ce mardi 8\u00a0juillet 2025.<\/p>\n<p> <a href=\"https:\/\/www.ouest-france.fr\/brevet\/\" target=\"_self\" rel=\"noopener\">Retrouvez ici les r\u00e9sultats du brevet 2025 gr\u00e2ce \u00e0 notre moteur de recherche<\/a> <\/p>\n<p>Les autres suivront lors du reste de la semaine comme le montre notre carte ci-dessous.<\/p>\n<\/p>\n<p>Comment trouver les r\u00e9sultats du brevet\u00a0?<\/p>\n<p>865\u00a0000\u00a0coll\u00e9giens ont pass\u00e9 le brevet des coll\u00e8ges cette ann\u00e9e.\u00a0Pour prendre connaissance de leurs r\u00e9sultats et de leurs notes, les candidats pourront se rendre sur le site <a href=\"https:\/\/candidat.examens-concours.gouv.fr\/cyccandidat\/resources\/cnx\/publicationNotes.html?useCDN=true\" target=\"_blank\" rel=\"noopener\">Cyclades<\/a>, en se connectant avec leurs identifiants.<\/p>\n<p>Autre solution\u00a0: consulter d\u00e8s leur publication les r\u00e9sultats dans chaque acad\u00e9mie sur la plateforme du groupe Sipa-OF \u00e9voqu\u00e9e plus haut en entrant simplement le nom du candidat. Toutefois, le r\u00e9sultat ne peut \u00eatre communiqu\u00e9 dans la presse que si le candidat a donn\u00e9 son accord lors de l\u2019inscription.<\/p>\n<p>Comment est calcul\u00e9e la note du brevet\u00a0?<\/p>\n<p>La note est calcul\u00e9e sur un total de 800\u00a0points, 400\u00a0points sont relatifs au contr\u00f4le continu et 400\u00a0autres pour les \u00e9preuves. Les math\u00e9matiques, le fran\u00e7ais et l\u2019\u00e9preuve orale sont not\u00e9s chacun sur 100\u00a0points, l\u2019histoire-g\u00e9ographie et les sciences sur 50\u00a0points. Un total de 480\u00a0points pour le candidat lui permet de d\u00e9crocher une mention assez bien, 560\u00a0pour une mention bien et 640\u00a0pour la mention tr\u00e8s bien.<\/p>\n<p>Contrairement au bac, obligatoire pour commencer des \u00e9tudes sup\u00e9rieures, l\u2019obtention du brevet ne conditionne plus l\u2019entr\u00e9e en seconde.<\/p>\n<p>\u00a0<\/p>\n","protected":false},"excerpt":{"rendered":"Contrairement au baccalaur\u00e9at dont les r\u00e9sultats sont publi\u00e9s le m\u00eame jour dans toute la France, ceux du brevet&hellip;\n","protected":false},"author":2,"featured_media":236301,"comment_status":"","ping_status":"","sticky":false,"template":"","format":"standard","meta":{"footnotes":""},"categories":[2815],"tags":[17,1111,11,1997,12196,1440,1777,674,1011,27,811,1307,9778,12,6099,25,1980,640,37530],"class_list":{"0":"post-236300","1":"post","2":"type-post","3":"status-publish","4":"format-standard","5":"has-post-thumbnail","7":"category-lille","8":"tag-17","9":"tag-actu","10":"tag-actualites","11":"tag-bordeaux","12":"tag-brevet","13":"tag-encore","14":"tag-eu","15":"tag-europe","16":"tag-fr","17":"tag-france","18":"tag-hauts-de-france","19":"tag-lille","20":"tag-mardi","21":"tag-news","22":"tag-pontivy","23":"tag-republique-francaise","24":"tag-resultats","25":"tag-strasbourg","26":"tag-tombent"},"share_on_mastodon":{"url":"https:\/\/pubeurope.com\/@fr\/114820244085042186","error":""},"_links":{"self":[{"href":"https:\/\/www.europesays.com\/fr\/wp-json\/wp\/v2\/posts\/236300","targetHints":{"allow":["GET"]}}],"collection":[{"href":"https:\/\/www.europesays.com\/fr\/wp-json\/wp\/v2\/posts"}],"about":[{"href":"https:\/\/www.europesays.com\/fr\/wp-json\/wp\/v2\/types\/post"}],"author":[{"embeddable":true,"href":"https:\/\/www.europesays.com\/fr\/wp-json\/wp\/v2\/users\/2"}],"replies":[{"embeddable":true,"href":"https:\/\/www.europesays.com\/fr\/wp-json\/wp\/v2\/comments?post=236300"}],"version-history":[{"count":0,"href":"https:\/\/www.europesays.com\/fr\/wp-json\/wp\/v2\/posts\/236300\/revisions"}],"wp:featuredmedia":[{"embeddable":true,"href":"https:\/\/www.europesays.com\/fr\/wp-json\/wp\/v2\/media\/236301"}],"wp:attachment":[{"href":"https:\/\/www.europesays.com\/fr\/wp-json\/wp\/v2\/media?parent=236300"}],"wp:term":[{"taxonomy":"category","embeddable":true,"href":"https:\/\/www.europesays.com\/fr\/wp-json\/wp\/v2\/categories?post=236300"},{"taxonomy":"post_tag","embeddable":true,"href":"https:\/\/www.europesays.com\/fr\/wp-json\/wp\/v2\/tags?post=236300"}],"curies":[{"name":"wp","href":"https:\/\/api.w.org\/{rel}","templated":true}]}}