{"id":236312,"date":"2025-07-08T23:44:19","date_gmt":"2025-07-08T23:44:19","guid":{"rendered":"https:\/\/www.europesays.com\/fr\/236312\/"},"modified":"2025-07-08T23:44:19","modified_gmt":"2025-07-08T23:44:19","slug":"des-cambrioleurs-repartent-avec-environ-un-million-deuros-de-sacs-de-luxe","status":"publish","type":"post","link":"https:\/\/www.europesays.com\/fr\/236312\/","title":{"rendered":"Des cambrioleurs repartent avec environ un million d\u2019euros de sacs de luxe"},"content":{"rendered":"<p><strong>enqu\u00eate &#8211; Une boutique de maroquinerie de luxe de seconde main a \u00e9t\u00e9 cambriol\u00e9e, dimanche, dans le 8e\u00a0arrondissement. Plus d\u2019une centaine de sacs de marques Herm\u00e8s, Dior, Louis Vuitton et Chanel ont \u00e9t\u00e9 d\u00e9rob\u00e9s<\/strong><\/p>\n<p>Ils n\u2019ont pas \u00e9t\u00e9 pris la main dans le sac. Des <a href=\"https:\/\/www.20minutes.fr\/dossier\/cambriolage?at_medium=RSS%20feed&amp;at_campaign=ynews&amp;utm_source=yahoo&amp;utm_medium=rss&amp;utm_campaign=news_feed&amp;utm_content=in_article_link\" rel=\"nofollow noopener\" target=\"_blank\" data-ylk=\"slk:cambrioleurs;elm:context_link;itc:0;sec:content-canvas\" class=\"link \">cambrioleurs<\/a> se sont attaqu\u00e9s, dimanche \u00e0 l\u2019aube, \u00e0 une boutique de maroquinerie de <a href=\"https:\/\/www.20minutes.fr\/dossier\/luxe?at_medium=RSS%20feed&amp;at_campaign=ynews&amp;utm_source=yahoo&amp;utm_medium=rss&amp;utm_campaign=news_feed&amp;utm_content=in_article_link\" rel=\"nofollow noopener\" target=\"_blank\" data-ylk=\"slk:luxe;elm:context_link;itc:0;sec:content-canvas\" class=\"link \">luxe <\/a>sp\u00e9cialis\u00e9e dans la seconde main, \u00e0 <a href=\"https:\/\/www.20minutes.fr\/paris\/?at_medium=RSS%20feed&amp;at_campaign=ynews&amp;utm_source=yahoo&amp;utm_medium=rss&amp;utm_campaign=news_feed&amp;utm_content=in_article_link\" rel=\"nofollow noopener\" target=\"_blank\" data-ylk=\"slk:Paris;elm:context_link;itc:0;sec:content-canvas\" class=\"link \">Paris<\/a>. Le butin est estim\u00e9 \u00e0 environ un million d\u2019euros, a appris l\u2019AFP de source polici\u00e8re. Plus d\u2019une centaine de sacs de marques Herm\u00e8s, Dior, Louis Vuitton et Chanel ont \u00e9t\u00e9 d\u00e9rob\u00e9s.<\/p>\n<p><a href=\"https:\/\/www.20minutes.fr\/faits_divers\/faits-divers-paris\/?at_medium=RSS%20feed&amp;at_campaign=ynews&amp;utm_source=yahoo&amp;utm_medium=rss&amp;utm_campaign=news_feed&amp;utm_content=in_article_link\" rel=\"nofollow noopener\" target=\"_blank\" data-ylk=\"slk:Le casse;elm:context_link;itc:0;sec:content-canvas\" class=\"link \">Le casse<\/a> s\u2019est d\u00e9roul\u00e9 peu apr\u00e8s 5 heures rue du Faubourg Saint-Honor\u00e9, dans le 8e\u00a0arrondissement de la capitale o\u00f9 sont concentr\u00e9es de nombreuses boutiques de luxe.<\/p>\n<p>Un casse en vingt minutes chrono<\/p>\n<p>Les malfaiteurs se sont introduits dans le magasin Houlux en escaladant un balcon au 4e \u00e9tage, a-t-on ajout\u00e9 de m\u00eame source. Apr\u00e8s avoir d\u00e9sactiv\u00e9 l\u2019alarme, ils ont jet\u00e9 les sacs par la fen\u00eatre o\u00f9 un complice les a r\u00e9ceptionn\u00e9s pour les mettre dans un v\u00e9hicule. Ils ont quitt\u00e9 les lieux vingt minutes plus tard.<\/p>\n<p>Une enqu\u00eate a \u00e9t\u00e9 ouverte du chef de vol aggrav\u00e9 et confi\u00e9e \u00e0 la brigade de r\u00e9pression du <a href=\"https:\/\/www.20minutes.fr\/societe\/banditisme\/?at_medium=RSS%20feed&amp;at_campaign=ynews&amp;utm_source=yahoo&amp;utm_medium=rss&amp;utm_campaign=news_feed&amp;utm_content=in_article_link\" rel=\"nofollow noopener\" target=\"_blank\" data-ylk=\"slk:banditisme;elm:context_link;itc:0;sec:content-canvas\" class=\"link \">banditisme <\/a>(BRB), a indiqu\u00e9 le parquet de Paris, sollicit\u00e9 par l\u2019AFP. Il a pr\u00e9cis\u00e9 qu\u2019aucune interpellation n\u2019avait eu lieu \u00e0 ce stade.<\/p>\n<p><a href=\"https:\/\/www.20minutes.fr\/faits_divers\/faits-divers-paris\/4162549-20250708-paris-cambrioleurs-repartent-environ-million-euros-sacs-luxe?at_medium=RSS%20feed&amp;at_campaign=ynews&amp;utm_source=yahoo&amp;utm_medium=rss&amp;utm_campaign=news_feed&amp;utm_content=read_more_link&quot;\" rel=\"nofollow noopener\" target=\"_blank\" data-ylk=\"slk:Lire la suite sur 20minutes;elm:context_link;itc:0;sec:content-canvas\" class=\"link \">Lire la suite sur 20minutes<\/a><\/p>\n<p>\u00c0 lire aussi :<br \/><a href=\"https:\/\/www.20minutes.fr\/faits_divers\/4162420-20250708-agression-soraya-riffy-pourquoi-influenceurs-plus-plus-souvent-victimes-home-jackings?at_medium=RSS%20feed&amp;at_campaign=ynews&amp;utm_source=yahoo&amp;utm_medium=rss&amp;utm_campaign=news_feed&amp;utm_content=related_content_link\" rel=\"nofollow noopener\" target=\"_blank\" data-ylk=\"slk:Agression de Soraya Riffy\u00a0: Pourquoi les influenceurs sont de plus en plus souvent victimes de home-jackings\u00a0?;elm:context_link;itc:0;sec:content-canvas\" class=\"link \">Agression de Soraya Riffy\u00a0: Pourquoi les influenceurs sont de plus en plus souvent victimes de home-jackings\u00a0?<\/a><br \/><a href=\"https:\/\/www.20minutes.fr\/faits_divers\/4160382-20250625-yvelines-prenaient-tous-risques-ancien-grand-banditisme-suspecte-17-cambriolages?at_medium=RSS%20feed&amp;at_campaign=ynews&amp;utm_source=yahoo&amp;utm_medium=rss&amp;utm_campaign=news_feed&amp;utm_content=related_content_link\" rel=\"nofollow noopener\" target=\"_blank\" data-ylk=\"slk:Yvelines\u00a0: \u00ab\u00a0Ils prenaient tous les risques\u00a0\u00bb\u2026 Un ancien du grand banditisme suspect\u00e9 de 17 cambriolages;elm:context_link;itc:0;sec:content-canvas\" class=\"link \">Yvelines\u00a0: \u00ab\u00a0Ils prenaient tous les risques\u00a0\u00bb\u2026 Un ancien du grand banditisme suspect\u00e9 de 17 cambriolages<\/a><\/p>\n","protected":false},"excerpt":{"rendered":"enqu\u00eate &#8211; Une boutique de maroquinerie de luxe de seconde main a \u00e9t\u00e9 cambriol\u00e9e, dimanche, dans le 8e\u00a0arrondissement.&hellip;\n","protected":false},"author":2,"featured_media":236313,"comment_status":"","ping_status":"","sticky":false,"template":"","format":"standard","meta":{"footnotes":""},"categories":[1888],"tags":[37531,1111,1928,11,1927,1890,1777,674,1011,27,11127,3797,37532,12,1926,626,1925,25,7167],"class_list":{"0":"post-236312","1":"post","2":"type-post","3":"status-publish","4":"format-standard","5":"has-post-thumbnail","7":"category-paris","8":"tag-8e-arrondissement","9":"tag-actu","10":"tag-actu-paris","11":"tag-actualites","12":"tag-actualites-paris","13":"tag-chanel","14":"tag-eu","15":"tag-europe","16":"tag-fr","17":"tag-france","18":"tag-hermes","19":"tag-louis-vuitton","20":"tag-maroquinerie-de-luxe","21":"tag-news","22":"tag-news-paris","23":"tag-paris","24":"tag-paris-news","25":"tag-republique-francaise","26":"tag-seconde-main"},"share_on_mastodon":{"url":"https:\/\/pubeurope.com\/@fr\/114820275796410416","error":""},"_links":{"self":[{"href":"https:\/\/www.europesays.com\/fr\/wp-json\/wp\/v2\/posts\/236312","targetHints":{"allow":["GET"]}}],"collection":[{"href":"https:\/\/www.europesays.com\/fr\/wp-json\/wp\/v2\/posts"}],"about":[{"href":"https:\/\/www.europesays.com\/fr\/wp-json\/wp\/v2\/types\/post"}],"author":[{"embeddable":true,"href":"https:\/\/www.europesays.com\/fr\/wp-json\/wp\/v2\/users\/2"}],"replies":[{"embeddable":true,"href":"https:\/\/www.europesays.com\/fr\/wp-json\/wp\/v2\/comments?post=236312"}],"version-history":[{"count":0,"href":"https:\/\/www.europesays.com\/fr\/wp-json\/wp\/v2\/posts\/236312\/revisions"}],"wp:featuredmedia":[{"embeddable":true,"href":"https:\/\/www.europesays.com\/fr\/wp-json\/wp\/v2\/media\/236313"}],"wp:attachment":[{"href":"https:\/\/www.europesays.com\/fr\/wp-json\/wp\/v2\/media?parent=236312"}],"wp:term":[{"taxonomy":"category","embeddable":true,"href":"https:\/\/www.europesays.com\/fr\/wp-json\/wp\/v2\/categories?post=236312"},{"taxonomy":"post_tag","embeddable":true,"href":"https:\/\/www.europesays.com\/fr\/wp-json\/wp\/v2\/tags?post=236312"}],"curies":[{"name":"wp","href":"https:\/\/api.w.org\/{rel}","templated":true}]}}