{"id":236314,"date":"2025-07-08T23:45:11","date_gmt":"2025-07-08T23:45:11","guid":{"rendered":"https:\/\/www.europesays.com\/fr\/236314\/"},"modified":"2025-07-08T23:45:11","modified_gmt":"2025-07-08T23:45:11","slug":"previsions-du-mercredi-9-juillet-2025-9","status":"publish","type":"post","link":"https:\/\/www.europesays.com\/fr\/236314\/","title":{"rendered":"pr\u00e9visions du mercredi 9 juillet 2025"},"content":{"rendered":"<p>Aujourd&rsquo;hui, un important soleil brillera sur Paris. Les temp\u00e9ratures s&rsquo;\u00e9chelonneront entre 13\u00b0C et 27\u00b0C. Un vent de sud-ouest soufflera l\u00e9g\u00e8rement dans la matin\u00e9e. Un temps plus chaud est \u00e0 pr\u00e9voir l&rsquo;apr\u00e8s-midi puisque les temp\u00e9ratures vont enregistrer une hausse. Les valeurs iront de 25 \u00e0 27\u00b0C. Dans la soir\u00e9e, les temp\u00e9ratures tourneront autour des 23\u00b0C. On passera de mercredi \u00e0 jeudi par une nuit claire.<\/p>\n<p>Un beau soleil est attendu demain \u00e0 Paris. C&rsquo;est une hausse de quelques degr\u00e9s que vont conna\u00eetre les temp\u00e9ratures. Le mercure affichera 22\u00b0C en moyenne. Un vent de nord-est rafra\u00eechira un peu l&rsquo;atmosph\u00e8re. Les temp\u00e9ratures vont monter pendant l&rsquo;apr\u00e8s-midi de plusieurs degr\u00e9s. Les valeurs seront comprises entre 27 et 29\u00b0C.<\/p>\n<p>Peu d&rsquo;\u00e9volutions pour la suite. Pr\u00e9voyez 31\u00b0C en moyenne qui accompagneront des journ\u00e9es ensoleill\u00e9es.<\/p>\n<p><\/p>\n","protected":false},"excerpt":{"rendered":"Aujourd&rsquo;hui, un important soleil brillera sur Paris. Les temp\u00e9ratures s&rsquo;\u00e9chelonneront entre 13\u00b0C et 27\u00b0C. Un vent de sud-ouest&hellip;\n","protected":false},"author":2,"featured_media":236315,"comment_status":"","ping_status":"","sticky":false,"template":"","format":"standard","meta":{"footnotes":""},"categories":[1888],"tags":[11,1777,674,1011,27,662,12,626,2119,25],"class_list":{"0":"post-236314","1":"post","2":"type-post","3":"status-publish","4":"format-standard","5":"has-post-thumbnail","7":"category-paris","8":"tag-actualites","9":"tag-eu","10":"tag-europe","11":"tag-fr","12":"tag-france","13":"tag-ile-de-france","14":"tag-news","15":"tag-paris","16":"tag-previsions-meteo","17":"tag-republique-francaise"},"share_on_mastodon":{"url":"https:\/\/pubeurope.com\/@fr\/114820279394349499","error":""},"_links":{"self":[{"href":"https:\/\/www.europesays.com\/fr\/wp-json\/wp\/v2\/posts\/236314","targetHints":{"allow":["GET"]}}],"collection":[{"href":"https:\/\/www.europesays.com\/fr\/wp-json\/wp\/v2\/posts"}],"about":[{"href":"https:\/\/www.europesays.com\/fr\/wp-json\/wp\/v2\/types\/post"}],"author":[{"embeddable":true,"href":"https:\/\/www.europesays.com\/fr\/wp-json\/wp\/v2\/users\/2"}],"replies":[{"embeddable":true,"href":"https:\/\/www.europesays.com\/fr\/wp-json\/wp\/v2\/comments?post=236314"}],"version-history":[{"count":0,"href":"https:\/\/www.europesays.com\/fr\/wp-json\/wp\/v2\/posts\/236314\/revisions"}],"wp:featuredmedia":[{"embeddable":true,"href":"https:\/\/www.europesays.com\/fr\/wp-json\/wp\/v2\/media\/236315"}],"wp:attachment":[{"href":"https:\/\/www.europesays.com\/fr\/wp-json\/wp\/v2\/media?parent=236314"}],"wp:term":[{"taxonomy":"category","embeddable":true,"href":"https:\/\/www.europesays.com\/fr\/wp-json\/wp\/v2\/categories?post=236314"},{"taxonomy":"post_tag","embeddable":true,"href":"https:\/\/www.europesays.com\/fr\/wp-json\/wp\/v2\/tags?post=236314"}],"curies":[{"name":"wp","href":"https:\/\/api.w.org\/{rel}","templated":true}]}}