{"id":236326,"date":"2025-07-08T23:51:14","date_gmt":"2025-07-08T23:51:14","guid":{"rendered":"https:\/\/www.europesays.com\/fr\/236326\/"},"modified":"2025-07-08T23:51:14","modified_gmt":"2025-07-08T23:51:14","slug":"football-euro-feminin-2025-live-les-resultats-la-suede-et-lallemagne-en-quart-de-finale-sports-infos-ski","status":"publish","type":"post","link":"https:\/\/www.europesays.com\/fr\/236326\/","title":{"rendered":"Football &#8211; Euro F\u00e9minin 2025 &#8211; LIVE &#8211; Les r\u00e9sultats &#8211; La Su\u00e8de et l&rsquo;Allemagne en quart de finale &#8211; Sports Infos &#8211; Ski"},"content":{"rendered":"<p><strong>Football \/ Euro f\u00e9minin 2025 \/ Le\u00a0suivi<\/strong><\/p>\n<p>Du 2 au 27 juillet 2025, la Suisse accueillera la 14e \u00e9dition de l\u2019Euro f\u00e9minin de football, r\u00e9unissant les 16 meilleures s\u00e9lections europ\u00e9ennes.<\/p>\n<p>Organis\u00e9 dans huit stades, dont le Parc Saint-Jacques de B\u00e2le pour la finale, ce tournoi promet des matchs int\u00e9ressants\u00a0et, on l&rsquo;esp\u00e8re,\u00a0de belles \u00e9motions.<\/p>\n<p>La Suisse, h\u00f4te qualifi\u00e9 d\u2019office, affrontera la Norv\u00e8ge lors du match d\u2019ouverture, tandis que la France, dans le groupe D avec l\u2019Angleterre, championne en titre, les Pays-Bas et le Pays de Galles, visera un premier titre sous la houlette de Laurent Bonadei.<\/p>\n<p>L\u2019Espagne, championne du monde 2023, et l\u2019Allemagne, nation la plus titr\u00e9e, font figure de favorites.<\/p>\n<p>Avec un slogan, \u00ab Gravissons les sommets de l\u2019\u00e9motion \u00bb, et une mascotte nomm\u00e9e Maddli, en hommage \u00e0 la pionni\u00e8re suisse Madeleine Boll, l\u2019UEFA met l\u2019accent sur l\u2019essor du football f\u00e9minin.<\/p>\n<p>La dotation record de 41 millions d\u2019euros souligne l\u2019importance croissante de la comp\u00e9tition. Les matchs seront diffus\u00e9s en France par TF1 et France T\u00e9l\u00e9visions, avec 12 rencontres sur le service public, dont France &#8211; Pays de Galles.<\/p>\n<p>\u00a0<\/p>\n<p>\u00a0<\/p>\n<p>Groupe A : Suisse, Norv\u00e8ge, Islande, Finlande<\/p>\n<p>Groupe B : Espagne, Portugal, Belgique, Italie<\/p>\n<p>Groupe C : Allemagne, Pologne, Danemark, Su\u00e8de<\/p>\n<p>Groupe D : France, Angleterre, Pays de Galles, Pays-Bas<\/p>\n<p>\u00a0<\/p>\n<p><strong>Groupe A<\/strong><\/p>\n<p>2 juillet 2025 &#8211; Islande &#8211; <strong>Finlande<\/strong> : 0-1<\/p>\n<p>2 juillet 2025 &#8211; Suisse &#8211; <strong>Norv\u00e8ge <\/strong>: 1-2<\/p>\n<p>6 juillet 2025 &#8211; <strong>Norv\u00e8ge<\/strong> &#8211; Finlande : 2-1<\/p>\n<p>6 juillet 2025 &#8211; <strong>Suisse <\/strong>&#8211; Islande : 2-0<\/p>\n<\/p>\n<p>10 juillet 2025 &#8211; Finlande &#8211; Suisse, 21:00, Gen\u00e8ve, TF1<\/p>\n<p>10 juillet 2025 &#8211; Norv\u00e8ge &#8211; Islande, 21:00, Thun, TF1<\/p>\n<p>\u00a0<\/p>\n<p><strong>Groupe B<\/strong><\/p>\n<p>3 juillet 2025 &#8211; Belgique &#8211; <strong>Italie :<\/strong> 0-1<\/p>\n<p>3 juillet 2025 &#8211; <strong>Espagne<\/strong> &#8211; Portugal : 5-0<\/p>\n<p>7 juillet 2025 &#8211; <strong>Espagne<\/strong> &#8211; Belgique : 6-2<\/p>\n<p>7 juillet 2025 &#8211; Portugal &#8211; Italie : 1-1<\/p>\n<p>11 juillet 2025 &#8211; Italie &#8211; Espagne, 21:00, Berne, France T\u00e9l\u00e9visions<\/p>\n<p>11 juillet 2025 &#8211; Portugal &#8211; Belgique, 21:00, Sion, France T\u00e9l\u00e9visions<\/p>\n<p>\u00a0<\/p>\n<p><strong>Groupe C<\/strong><\/p>\n<p>4 juillet 2025 &#8211; Danemark &#8211; <strong>Su\u00e8de <\/strong>: 0-1<\/p>\n<p>4 juillet 2025 &#8211; <strong>Allemagne <\/strong>&#8211; Pologne : 2-0<\/p>\n<p>8 juillet 2025 &#8211; <strong>Allemagne <\/strong>&#8211; Danemark : 2-1<\/p>\n<p>8 juillet 2025 &#8211; Pologne &#8211; <strong>Su\u00e8de <\/strong>: 0-3<\/p>\n<p>12 juillet 2025 &#8211; Su\u00e8de &#8211; Allemagne, 21:00, Zurich, TMC<\/p>\n<p>12 juillet 2025 &#8211; Pologne &#8211; Danemark, 21:00, Lucerne, France T\u00e9l\u00e9visions<\/p>\n<p>\u00a0<\/p>\n<p><strong>Groupe D<\/strong><\/p>\n<p>5 juillet 2025 &#8211; Pays de Galles &#8211; <strong>Pays-Bas <\/strong>: 0-3<\/p>\n<p>5 juillet 2025 &#8211; <strong>France<\/strong> &#8211; Angleterre : 2-1<\/p>\n<\/p>\n<p>9 juillet 2025 &#8211; Angleterre &#8211; Pays-Bas, 18:00, Zurich, France T\u00e9l\u00e9visions<\/p>\n<p>9 juillet 2025 &#8211; France &#8211; Pays de Galles, 21:00, Saint-Gall, France T\u00e9l\u00e9visions<\/p>\n<p>13 juillet 2025 &#8211; Pays-Bas &#8211; France, 21:00, B\u00e2le Vortex, TF1<\/p>\n<p>13 juillet 2025 &#8211; Angleterre &#8211; Pays de Galles, 21:00, Saint-Gall, TF1<\/p>\n<p>\u00a0<\/p>\n<p><strong>Phase finale<\/strong><\/p>\n<p>16-19 juillet 2025 &#8211; Quarts de finale, 21:00, Gen\u00e8ve\/Zurich\/Berne\/B\u00e2le, \u00c0 confirmer<\/p>\n<p>22-23 juillet 2025 &#8211; Demi-finales, 21:00, Gen\u00e8ve\/B\u00e2le, \u00c0 confirmer<\/p>\n<p>27 juillet 2025 &#8211; Finale, 18:00, B\u00e2le, \u00c0 confirmer<\/p>\n<p><strong>Remarque :<\/strong> Les diffusions pour la phase finale seront confirm\u00e9es ult\u00e9rieurement. Consultez UEFA.com pour les mises \u00e0 jour.<\/p>\n<p><img decoding=\"async\" alt=\"FRA.jpg\" responsive=\"\" src=\"https:\/\/www.europesays.com\/fr\/wp-content\/uploads\/2025\/07\/FRA.jpg\" style=\"max-width: 100%; height: auto;&#13;&#10;\"\/><\/p>\n<p><img decoding=\"async\" alt=\"FINLA.jpg\" responsive=\"\" src=\"https:\/\/www.europesays.com\/fr\/wp-content\/uploads\/2025\/07\/FINLA.jpg\" style=\"max-width: 100%; height: auto;&#13;&#10;\"\/><\/p>\n","protected":false},"excerpt":{"rendered":"Football \/ Euro f\u00e9minin 2025 \/ Le\u00a0suivi Du 2 au 27 juillet 2025, la Suisse accueillera la 14e&hellip;\n","protected":false},"author":2,"featured_media":236327,"comment_status":"","ping_status":"","sticky":false,"template":"","format":"standard","meta":{"footnotes":""},"categories":[1587],"tags":[11,672,1804,3477,1805,1803,814,1777,674,1295,1801,1114,2868,35184,12,8975,9622,1802,1980,8974,3067,3387,2955],"class_list":{"0":"post-236326","1":"post","2":"type-post","3":"status-publish","4":"format-standard","5":"has-post-thumbnail","7":"category-allemagne","8":"tag-actualites","9":"tag-allemagne","10":"tag-bundesrepublik-deutschland","11":"tag-cette","12":"tag-de","13":"tag-deutschland","14":"tag-direct","15":"tag-eu","16":"tag-europe","17":"tag-feminin","18":"tag-germany","19":"tag-infos","20":"tag-juillet","21":"tag-leuro","22":"tag-news","23":"tag-page","24":"tag-prevu","25":"tag-republique-federale-dallemagne","26":"tag-resultats","27":"tag-retrouvez","28":"tag-suisse","29":"tag-tous","30":"tag-videos"},"share_on_mastodon":{"url":"https:\/\/pubeurope.com\/@fr\/114820303292183649","error":""},"_links":{"self":[{"href":"https:\/\/www.europesays.com\/fr\/wp-json\/wp\/v2\/posts\/236326","targetHints":{"allow":["GET"]}}],"collection":[{"href":"https:\/\/www.europesays.com\/fr\/wp-json\/wp\/v2\/posts"}],"about":[{"href":"https:\/\/www.europesays.com\/fr\/wp-json\/wp\/v2\/types\/post"}],"author":[{"embeddable":true,"href":"https:\/\/www.europesays.com\/fr\/wp-json\/wp\/v2\/users\/2"}],"replies":[{"embeddable":true,"href":"https:\/\/www.europesays.com\/fr\/wp-json\/wp\/v2\/comments?post=236326"}],"version-history":[{"count":0,"href":"https:\/\/www.europesays.com\/fr\/wp-json\/wp\/v2\/posts\/236326\/revisions"}],"wp:featuredmedia":[{"embeddable":true,"href":"https:\/\/www.europesays.com\/fr\/wp-json\/wp\/v2\/media\/236327"}],"wp:attachment":[{"href":"https:\/\/www.europesays.com\/fr\/wp-json\/wp\/v2\/media?parent=236326"}],"wp:term":[{"taxonomy":"category","embeddable":true,"href":"https:\/\/www.europesays.com\/fr\/wp-json\/wp\/v2\/categories?post=236326"},{"taxonomy":"post_tag","embeddable":true,"href":"https:\/\/www.europesays.com\/fr\/wp-json\/wp\/v2\/tags?post=236326"}],"curies":[{"name":"wp","href":"https:\/\/api.w.org\/{rel}","templated":true}]}}