{"id":236330,"date":"2025-07-08T23:53:09","date_gmt":"2025-07-08T23:53:09","guid":{"rendered":"https:\/\/www.europesays.com\/fr\/236330\/"},"modified":"2025-07-08T23:53:09","modified_gmt":"2025-07-08T23:53:09","slug":"rapport-sur-letat-de-droit-lue-maintient-18-milliards-deuros-geles-pour-la-hongrie","status":"publish","type":"post","link":"https:\/\/www.europesays.com\/fr\/236330\/","title":{"rendered":"Rapport sur l&rsquo;\u00c9tat de droit : l\u2019UE maintient 18\u00a0milliards d\u2019euros gel\u00e9s pour la Hongrie"},"content":{"rendered":"<p><img decoding=\"async\" class=\"c-ad__placeholder__logo\" src=\"https:\/\/static.euronews.com\/website\/images\/logos\/logo-euronews-grey-6-180x22.svg\" width=\"180\" height=\"22\" alt=\"\" loading=\"lazy\"\/>PUBLICIT\u00c9<\/p>\n<p>La Hongrie est loin de d\u00e9bloquer les 18 milliards d\u2019euros de fonds de coh\u00e9sion et de relance que Bruxelles maintient gel\u00e9s en raison des pr\u00e9occupations persistantes concernant le recul d\u00e9mocratique, selon la nouvelle \u00e9dition du rapport sur l\u2019\u00c9tat de droit, publi\u00e9 par la Commission europ\u00e9enne mardi.<\/p>\n<p>L&rsquo;institution a constat\u00e9 que la Hongrie n\u2019avait fait \u00ab\u00a0aucun progr\u00e8s\u00a0\u00bb pour sept des huit recommandations formul\u00e9es l\u2019ann\u00e9e derni\u00e8re, telles que les r\u00e9formes concernant les r\u00e8gles de lobbying, la lutte contre la corruption \u00e0 haut niveau et l\u2019ind\u00e9pendance \u00e9ditoriale des m\u00e9dias publics.<\/p>\n<p>\u00ab\u00a0Il est profond\u00e9ment d\u00e9cevant que nous ne soyons pas en mesure de faire \u00e9tat d\u2019autres progr\u00e8s sur les recommandations qui ont \u00e9t\u00e9 faites l\u2019ann\u00e9e derni\u00e8re\u00a0\u00bb, a d\u00e9clar\u00e9 Michael McGrath, le commissaire europ\u00e9en \u00e0 la justice, lors de la pr\u00e9sentation du rapport.<\/p>\n<p>\u00ab\u00a0Je souhaite qu\u2019il en soit autrement et que ces fonds puissent \u00eatre mis \u00e0 disposition et que le peuple hongrois, qui est tr\u00e8s fortement pro-UE, puisse b\u00e9n\u00e9ficier de ces fonds, mais cela n\u00e9cessite le respect de l\u2019\u00c9tat de droit\u00a0\u00bb, a-t-il ajout\u00e9.<\/p>\n<p>Nous sommes pr\u00eats \u00e0 nous engager et \u00e0 progresser sur la base du dialogue, mais l\u00e0 encore, l\u00e0 o\u00f9 cela \u00e9choue, nous continuerons d\u2019utiliser tous les outils dont nous disposons.<\/p>\n<p>Le commissaire a tir\u00e9 la sonnette d\u2019alarme sur \u00ab\u00a0l\u2019environnement qui se d\u00e9t\u00e9riore\u00a0\u00bb et \u00ab\u00a0l\u2019incertitude juridique\u00a0\u00bb pour les organisations de la soci\u00e9t\u00e9 civile en Hongrie, en signalant deux r\u00e9cents d\u00e9veloppements controvers\u00e9s : l\u2019interdiction de la marche des fiert\u00e9s, contourn\u00e9e par les organisateurs, et un projet de loi sur la transparence pour les ONG et les m\u00e9dias \u00ab\u00a0financ\u00e9s par l&rsquo;\u00e9tranger\u00a0\u00bb, qui a \u00e9t\u00e9 retard\u00e9 apr\u00e8s une contre-offensive. <\/p>\n<p>L\u2019argent actuellement gel\u00e9 combine environ 8,4 milliards d\u2019euros de fonds de coh\u00e9sion et 9,5 milliards d\u2019euros de fonds de relance COVID-19. Les versements sont soumis au respect de conditions th\u00e9matiques qui n\u00e9cessitent des modifications l\u00e9gislatives. Certaines de ces conditions chevauchent les recommandations mises en \u00e9vidence dans le rapport annuel.<\/p>\n<p>La Hongrie a pr\u00e9c\u00e9demment d\u00e9bloqu\u00e9 10,2\u00a0milliards d\u2019euros apr\u00e8s avoir adopt\u00e9 une r\u00e9forme destin\u00e9e \u00e0 renforcer l\u2019ind\u00e9pendance judiciaire et \u00e0 att\u00e9nuer l\u2019ing\u00e9rence politique dans les tribunaux. La d\u00e9cision de la Commission de d\u00e9bloquer ces fonds \u00e0 l\u2019approche d\u2019un sommet aux enjeux \u00e9lev\u00e9s s\u2019est av\u00e9r\u00e9e \u00eatre une source de division et a \u00e9t\u00e9 accueillie par une action en justice du Parlement europ\u00e9en.<\/p>\n<p>Les 18\u00a0milliards d\u2019euros restants sont toujours paralys\u00e9s, sans aucun signe de perc\u00e9e. <\/p>\n<p>Le diff\u00e9rend financier a exacerb\u00e9 la confrontation qui dure depuis des ann\u00e9es entre Bruxelles et Budapest, le Premier ministre Viktor Orb\u00e1n accusant la Commission de se livrer \u00e0 un \u00ab\u00a0chantage financier\u00a0\u00bb et d\u2019interf\u00e9rer dans les affaires int\u00e9rieures.<\/p>\n<p>Dans le m\u00eame temps, Viktor Orb\u00e1n a refus\u00e9 de payer une amende impos\u00e9e par la Cour de justice europ\u00e9enne pour la violation \u00ab\u00a0sans pr\u00e9c\u00e9dent\u00a0\u00bb du droit de la migration par la Hongrie. L\u2019amende se compose d&rsquo;une somme forfaitaire de 200\u00a0millions d\u2019euros et de 1\u00a0million d\u2019euros pour chaque jour additionnel o\u00f9 les m\u00e9faits continuent.<\/p>\n<p>L\u2019amende journali\u00e8re est p\u00e9riodiquement soustraite de la part allou\u00e9e \u00e0 la Hongrie dans le budget de l\u2019UE.<\/p>\n<p>\u00ab\u00a0Le respect des arr\u00eats de la CJUE n\u2019est pas facultatif ou discr\u00e9tionnaire. C\u2019est une obligation contraignante pour les \u00c9tats membres de l\u2019UE. C\u2019est une obligation fondamentale du trait\u00e9\u00a0\u00bb, a d\u00e9clar\u00e9 Michael McGrath.<\/p>\n<p>\u00ab\u00a0La primaut\u00e9 du droit de l\u2019UE est absolue et doit \u00eatre respect\u00e9e en toutes circonstances\u00a0\u00bb, a-t-il ajout\u00e9. <\/p>\n<p>Les droits fondamentaux et la d\u00e9mocratie occuperont une place importante dans le d\u00e9bat sur le prochain budget pluriannuel de l\u2019UE (2028-2034), que la pr\u00e9sidente de la Commission Ursula von der Leyen devrait pr\u00e9senter avant les vacances d\u2019\u00e9t\u00e9. Elle a promis d\u2019\u00e9tablir un lien plus \u00e9troit entre le versement des fonds de l\u2019UE et le respect du rapport sur l\u2019\u00c9tat de droit.<\/p>\n","protected":false},"excerpt":{"rendered":"PUBLICIT\u00c9 La Hongrie est loin de d\u00e9bloquer les 18 milliards d\u2019euros de fonds de coh\u00e9sion et de relance&hellip;\n","protected":false},"author":2,"featured_media":236331,"comment_status":"","ping_status":"","sticky":false,"template":"","format":"standard","meta":{"footnotes":""},"categories":[1586],"tags":[11,2196,7756,1777,674,1779,1011,27,804,12,25,1778,364],"class_list":{"0":"post-236330","1":"post","2":"type-post","3":"status-publish","4":"format-standard","5":"has-post-thumbnail","7":"category-europe","8":"tag-actualites","9":"tag-commission-europeenne","10":"tag-democratie","11":"tag-eu","12":"tag-europe","13":"tag-european-union","14":"tag-fr","15":"tag-france","16":"tag-hongrie","17":"tag-news","18":"tag-republique-francaise","19":"tag-ue","20":"tag-union-europeenne"},"share_on_mastodon":{"url":"https:\/\/pubeurope.com\/@fr\/114820310963600815","error":""},"_links":{"self":[{"href":"https:\/\/www.europesays.com\/fr\/wp-json\/wp\/v2\/posts\/236330","targetHints":{"allow":["GET"]}}],"collection":[{"href":"https:\/\/www.europesays.com\/fr\/wp-json\/wp\/v2\/posts"}],"about":[{"href":"https:\/\/www.europesays.com\/fr\/wp-json\/wp\/v2\/types\/post"}],"author":[{"embeddable":true,"href":"https:\/\/www.europesays.com\/fr\/wp-json\/wp\/v2\/users\/2"}],"replies":[{"embeddable":true,"href":"https:\/\/www.europesays.com\/fr\/wp-json\/wp\/v2\/comments?post=236330"}],"version-history":[{"count":0,"href":"https:\/\/www.europesays.com\/fr\/wp-json\/wp\/v2\/posts\/236330\/revisions"}],"wp:featuredmedia":[{"embeddable":true,"href":"https:\/\/www.europesays.com\/fr\/wp-json\/wp\/v2\/media\/236331"}],"wp:attachment":[{"href":"https:\/\/www.europesays.com\/fr\/wp-json\/wp\/v2\/media?parent=236330"}],"wp:term":[{"taxonomy":"category","embeddable":true,"href":"https:\/\/www.europesays.com\/fr\/wp-json\/wp\/v2\/categories?post=236330"},{"taxonomy":"post_tag","embeddable":true,"href":"https:\/\/www.europesays.com\/fr\/wp-json\/wp\/v2\/tags?post=236330"}],"curies":[{"name":"wp","href":"https:\/\/api.w.org\/{rel}","templated":true}]}}