{"id":236340,"date":"2025-07-09T00:00:20","date_gmt":"2025-07-09T00:00:20","guid":{"rendered":"https:\/\/www.europesays.com\/fr\/236340\/"},"modified":"2025-07-09T00:00:20","modified_gmt":"2025-07-09T00:00:20","slug":"wimbledon-quart-de-finale-et-sil-etait-temps-pour-ben-shelton-de-devenir-geant-face-a-jannik-sinner-eurosport","status":"publish","type":"post","link":"https:\/\/www.europesays.com\/fr\/236340\/","title":{"rendered":"Wimbledon &#8211; Quart de finale &#8211; Et s\u2019il \u00e9tait temps pour Ben Shelton de devenir g\u00e9ant face \u00e0 Jannik Sinner &#8211; Eurosport"},"content":{"rendered":"<ol>\n<li><a href=\"https:\/\/news.google.com\/rss\/articles\/CBMi_wFBVV95cUxQbVV1dEZteHUxWjJYczVfOE53ZGhibmVHemdRckJJelppbmVFYjZ2aXJxMG1xckRxRFlfODJUSXNsUkpxS3VuRnlLZ3hULUZlLWpKLVNDYzlBYmpRQVNnMXd5ODJ1czJiVlllb1FmRVFQdFlUZ0JRR1dIMVF5NENJU0xMd252VUtqUFppa211VWNFNDZiWHJVNDlKQ04tdjBnbHAzZVdYcnBnY2RRMVBLYm8xVF94MGJGY3BxRmVHc1llaktQZ1pMSGRtdHprdDhYa1BITzRJdm12dlFkRTVvXzJKSFJFckVlWFRPYTBWRDRNVjBVNFpZcE9Ta1N1RnM?oc=5\" target=\"_blank\" rel=\"nofollow noopener\">Wimbledon &#8211; Quart de finale &#8211; Et s\u2019il \u00e9tait temps pour Ben Shelton de devenir g\u00e9ant face \u00e0 Jannik Sinner<\/a>&nbsp;&nbsp;Eurosport<\/li>\n<li><a href=\"https:\/\/news.google.com\/rss\/articles\/CBMiyAFBVV95cUxNeXI5eEJzMmtfcGliY25VT2FPb3VSd2taYXdJdnUzWXFKQ1hXeDNsa1RZS2RZOG9wbHZ1bFprWHJtNWZwWnlZakY5cGVBbWRvd2dINTlrWDlDRjZycXlZNkRRNVV6ZjB3Nk9LcnVhQ3FTLWE4MFg3M0JVblItcUViTWw2aW1faDVQOURqSTJDbUc1TVNkdnZ3VnlmR0Y5ZUx2ZnVyZ0x6dERKd0pOMlpfUVlCS1ZLQm1oM24tM0s2aW1VSFp2MzVxbg?oc=5\" target=\"_blank\" rel=\"nofollow noopener\">Premier quart de finale \u00e0 Wimbledon pour Ben Shelton, vainqueur de Lorenzo Sonego<\/a>&nbsp;&nbsp;L&rsquo;\u00c9quipe<\/li>\n<li><a href=\"https:\/\/news.google.com\/rss\/articles\/CBMixgFBVV95cUxQZnN5eUV4VzduZ0hqek01QklzZzNYR2p6NTNhblhTejNTTzNHamF4QnQxdGJUOXYzTjk4R2FmUktyRmQxZkxpV1pGcldKWHRkWERlRDgzdVV2M251a2FReDJMTXh4bjR5eGJqNGhKenk4TldWSVJGOERyREhXeXNYSEhYSXhDRXFTU1lpLWlwQlJnU1M4MlNaeTJZWHZSMFM3eEdZam92akhuSzR5clFHZ2F6eFhaU0pod2o5OEdid3lfNDVPeVE?oc=5\" target=\"_blank\" rel=\"nofollow noopener\">Wimbledon : Ben Shelton en costaud contre Lorenzo Sonego<\/a>&nbsp;&nbsp;Orange Actualit\u00e9s | Sports<\/li>\n<li><a href=\"https:\/\/news.google.com\/rss\/articles\/CBMivwFBVV95cUxQYVI5d3JybjRzMHJqVHFacFlhT05DenRkZDE2cmJlM1dmVzlCaGR5MF9tQzJ5SFZzRXBwVlQ2Zmpzb1p5SzRSSTdfVzF2V2tISDQ2TEhodnU0THJ3cjh1MXF6WFR3NmpRTEFLMEx6MllRS3ZCeE5OTDhmZXFzbElWVEY3djU3WHR4Mmg5ZVhtT2Q0OXYtdDJFWEJzTlI1N0QtTXVyMG9MVlJneWxaZThuOThMaFdURHc3YXpPVDJLNA?oc=5\" target=\"_blank\" rel=\"nofollow noopener\">Wimbledon : Shelton au rendez-vous des quarts pour la premi\u00e8re fois<\/a>&nbsp;&nbsp;Le Figaro<\/li>\n<li><a href=\"https:\/\/news.google.com\/rss\/articles\/CBMi0AFBVV95cUxOTVBsdUI2T1RrTG5FQVIwRXBSZ3pHX3dSQzF5VWpVZnNFcHNoNTB4aUI4OWgtQXBXT3JaYkFraV8xOGJFRHZNaEk3YkZxeEprOXd4Yi1yQV8wY1cxQzlkcWk4d2pldW54aHRHbC1yZE1uV0Jhek9nWEdPWkJ2dnpUUW5fbnlJUkFPaDd0b1BTSnVWTDM4VmxOd2dCQ2JkTEJhZWlTRVo1ekFPS0x0S29vNXJEdU43Q1NQQ3cxSnIzWWc0OXJMVlNwa1lodTB4Ri1s?oc=5\" target=\"_blank\" rel=\"nofollow noopener\">Wimbledon &gt; Sonego sur Shelton, qui l&rsquo;a battu en huiti\u00e8mes de finale : \u00ab\u00a0C&rsquo;est un adversaire qui vous fait mal jouer\u00a0\u00bb<\/a>&nbsp;&nbsp;We Love Tennis<\/li>\n<\/ol>\n","protected":false},"excerpt":{"rendered":"Wimbledon &#8211; Quart de finale &#8211; Et s\u2019il \u00e9tait temps pour Ben Shelton de devenir g\u00e9ant face \u00e0&hellip;\n","protected":false},"author":2,"featured_media":1445,"comment_status":"","ping_status":"","sticky":false,"template":"","format":"standard","meta":{"footnotes":""},"categories":[1415],"tags":[1011,27,60,1467],"class_list":{"0":"post-236340","1":"post","2":"type-post","3":"status-publish","4":"format-standard","5":"has-post-thumbnail","7":"category-tennis","8":"tag-fr","9":"tag-france","10":"tag-sports","11":"tag-tennis"},"share_on_mastodon":{"url":"https:\/\/pubeurope.com\/@fr\/114820338292746266","error":""},"_links":{"self":[{"href":"https:\/\/www.europesays.com\/fr\/wp-json\/wp\/v2\/posts\/236340","targetHints":{"allow":["GET"]}}],"collection":[{"href":"https:\/\/www.europesays.com\/fr\/wp-json\/wp\/v2\/posts"}],"about":[{"href":"https:\/\/www.europesays.com\/fr\/wp-json\/wp\/v2\/types\/post"}],"author":[{"embeddable":true,"href":"https:\/\/www.europesays.com\/fr\/wp-json\/wp\/v2\/users\/2"}],"replies":[{"embeddable":true,"href":"https:\/\/www.europesays.com\/fr\/wp-json\/wp\/v2\/comments?post=236340"}],"version-history":[{"count":0,"href":"https:\/\/www.europesays.com\/fr\/wp-json\/wp\/v2\/posts\/236340\/revisions"}],"wp:featuredmedia":[{"embeddable":true,"href":"https:\/\/www.europesays.com\/fr\/wp-json\/wp\/v2\/media\/1445"}],"wp:attachment":[{"href":"https:\/\/www.europesays.com\/fr\/wp-json\/wp\/v2\/media?parent=236340"}],"wp:term":[{"taxonomy":"category","embeddable":true,"href":"https:\/\/www.europesays.com\/fr\/wp-json\/wp\/v2\/categories?post=236340"},{"taxonomy":"post_tag","embeddable":true,"href":"https:\/\/www.europesays.com\/fr\/wp-json\/wp\/v2\/tags?post=236340"}],"curies":[{"name":"wp","href":"https:\/\/api.w.org\/{rel}","templated":true}]}}