{"id":236341,"date":"2025-07-09T00:02:14","date_gmt":"2025-07-09T00:02:14","guid":{"rendered":"https:\/\/www.europesays.com\/fr\/236341\/"},"modified":"2025-07-09T00:02:14","modified_gmt":"2025-07-09T00:02:14","slug":"motogp-bezzecchi-brille-ogura-doute-destins-croises-chez-aprilia-en-2025","status":"publish","type":"post","link":"https:\/\/www.europesays.com\/fr\/236341\/","title":{"rendered":"MotoGP, Bezzecchi brille, Ogura doute : destins crois\u00e9s chez Aprilia en 2025"},"content":{"rendered":"<p><strong>La dynamique s\u2019inverse chez Aprilia. Tandis que Marco<br \/>\nBezzecchi s\u2019impose comme le nouvel homme fort de Noale, Ai Ogura<br \/>\ntraverse une p\u00e9riode difficile, marqu\u00e9e par blessures et<br \/>\ndoutes.<\/strong><\/p>\n<p>Le contraste est saisissant. En d\u00e9but de saison,<br \/>\n<strong>Ogura<\/strong>, rookie chez TrackHouse, avait impressionn\u00e9<br \/>\nen <strong>Tha\u00eflande<\/strong> avec un top 5 d\u00e8s l\u2019ouverture du<br \/>\nchampionnat. Mais depuis <strong>Silverstone<\/strong>, o\u00f9 il s\u2019est<br \/>\nbless\u00e9 lors des essais et a d\u00fb subir une op\u00e9ration \u00e0 la jambe, tout<br \/>\nsemble s\u2019\u00eatre enray\u00e9. Pendant ce temps, son co\u00e9quipier<br \/>\n<strong>Bezzecchi<\/strong> s\u2019est impos\u00e9 en Grande-Bretagne, offrant<br \/>\n\u00e0 <strong>Aprilia<\/strong> une victoire historique et encha\u00eene<br \/>\nd\u00e9sormais podiums et performances solides.<\/p>\n<p>\u00c0 <strong>Assen<\/strong>, la spirale n\u00e9gative<br \/>\nd\u2019<strong>Ogura<\/strong> s\u2019est confirm\u00e9e. Sa course a tourn\u00e9 court<br \/>\nd\u00e8s les premiers virages apr\u00e8s une chute, symbole d\u2019un manque de<br \/>\nconfiance persistant. \u00ab Pour moi, <strong>la sensation est<br \/>\ndiff\u00e9rente \u00e0 chaque tour<\/strong> \u00bb, avoue le Japonais,<br \/>\nlucide. \u00ab Je pilote diff\u00e9remment \u00e0 chaque tour. <strong>Ce<br \/>\nn\u2019est pas assez r\u00e9gulier<\/strong>. Bien s\u00fbr, il est utile<br \/>\nd\u2019analyser les donn\u00e9es. Mais cela ne change rien. \u00bb<\/p>\n<p><img decoding=\"async\" class=\"aligncenter\" src=\"https:\/\/www.europesays.com\/fr\/wp-content\/uploads\/2025\/07\/3efd3384ef9547b38cdb4de94181c308.jpg\" alt=\"Ai Ogura traverse des moments difficiles depuis son retour\"\/><\/p>\n<p><strong>Classement des pilotes<br \/>\nAprilia\u00a0: Bezzecchi grimpe, Ogura recule<\/strong><\/p>\n<p><strong>Bezzecchi<\/strong>, lui, profite d\u2019une confiance totale.<br \/>\n\u00ab Il sait d\u00e9j\u00e0 comment la moto va r\u00e9agir avant le<br \/>\nvirage<strong>. Il a donc beaucoup confiance en lui<\/strong><br \/>\n\u00bb, souligne <strong>Ogura<\/strong>, admiratif mais conscient du<br \/>\nfoss\u00e9 qui s\u2019est creus\u00e9.<\/p>\n<p>Au classement, <strong>Bezzecchi<\/strong> s\u2019est hiss\u00e9 dans le<br \/>\ntop 6, meilleur pilote non-Ducati, devan\u00e7ant notamment<br \/>\n<strong>Johann Zarco<\/strong> sur <strong>Honda<\/strong>. Ogura, en<br \/>\nrevanche, glisse \u00e0 la douzi\u00e8me place, avec seulement cinq points<br \/>\nd\u2019avance sur <strong>Raul Fernandez<\/strong>.<\/p>\n<p>Alors que la saison 2025 entre dans sa deuxi\u00e8me moiti\u00e9,<br \/>\n<strong>Aprilia<\/strong> mise d\u00e9sormais sur la r\u00e9gularit\u00e9 de<br \/>\n<a href=\"https:\/\/www.paddock-gp.com\/motogp-carlo-pernat-encense-bezzecchi-et-tacle-le-feuilleton-martin-aprilia-a-enfin-trouve-son-leader-mais-quel-gachis-avec-jorge\/\" rel=\"nofollow noopener\" target=\"_blank\"><br \/>\n<strong>Bezzecchi<\/strong><\/a>. Pour <a href=\"https:\/\/www.paddock-gp.com\/motogp-ai-ogura-aprilia-rescape-dassen-vise-un-rebond-au-sachsenring\/\" rel=\"nofollow noopener\" target=\"_blank\"><br \/>\n<strong>Ogura<\/strong><\/a>, l\u2019objectif est clair : retrouver<br \/>\nconfiance et constance, afin de r\u00e9affirmer sa place dans la<br \/>\nhi\u00e9rarchie <a href=\"https:\/\/www.motogp.com\/en\" rel=\"nofollow noopener\" target=\"_blank\">MotoGP<\/a>.<\/p>\n<p><img decoding=\"async\" class=\"aligncenter\" src=\"https:\/\/www.europesays.com\/fr\/wp-content\/uploads\/2025\/07\/b0576018f34642008e0435251e896b93.jpg\" alt=\"Marco Bezzecchi s'harmonise de mieux en mieux avec l'Aprilia\"\/><\/p>\n","protected":false},"excerpt":{"rendered":"La dynamique s\u2019inverse chez Aprilia. Tandis que Marco Bezzecchi s\u2019impose comme le nouvel homme fort de Noale, Ai&hellip;\n","protected":false},"author":2,"featured_media":236342,"comment_status":"","ping_status":"","sticky":false,"template":"","format":"standard","meta":{"footnotes":""},"categories":[1413],"tags":[1011,27,1457,1456,60],"class_list":{"0":"post-236341","1":"post","2":"type-post","3":"status-publish","4":"format-standard","5":"has-post-thumbnail","7":"category-moto","8":"tag-fr","9":"tag-france","10":"tag-moto","11":"tag-motocycle","12":"tag-sports"},"share_on_mastodon":{"url":"https:\/\/pubeurope.com\/@fr\/114820346339578929","error":""},"_links":{"self":[{"href":"https:\/\/www.europesays.com\/fr\/wp-json\/wp\/v2\/posts\/236341","targetHints":{"allow":["GET"]}}],"collection":[{"href":"https:\/\/www.europesays.com\/fr\/wp-json\/wp\/v2\/posts"}],"about":[{"href":"https:\/\/www.europesays.com\/fr\/wp-json\/wp\/v2\/types\/post"}],"author":[{"embeddable":true,"href":"https:\/\/www.europesays.com\/fr\/wp-json\/wp\/v2\/users\/2"}],"replies":[{"embeddable":true,"href":"https:\/\/www.europesays.com\/fr\/wp-json\/wp\/v2\/comments?post=236341"}],"version-history":[{"count":0,"href":"https:\/\/www.europesays.com\/fr\/wp-json\/wp\/v2\/posts\/236341\/revisions"}],"wp:featuredmedia":[{"embeddable":true,"href":"https:\/\/www.europesays.com\/fr\/wp-json\/wp\/v2\/media\/236342"}],"wp:attachment":[{"href":"https:\/\/www.europesays.com\/fr\/wp-json\/wp\/v2\/media?parent=236341"}],"wp:term":[{"taxonomy":"category","embeddable":true,"href":"https:\/\/www.europesays.com\/fr\/wp-json\/wp\/v2\/categories?post=236341"},{"taxonomy":"post_tag","embeddable":true,"href":"https:\/\/www.europesays.com\/fr\/wp-json\/wp\/v2\/tags?post=236341"}],"curies":[{"name":"wp","href":"https:\/\/api.w.org\/{rel}","templated":true}]}}