{"id":236357,"date":"2025-07-09T00:11:11","date_gmt":"2025-07-09T00:11:11","guid":{"rendered":"https:\/\/www.europesays.com\/fr\/236357\/"},"modified":"2025-07-09T00:11:11","modified_gmt":"2025-07-09T00:11:11","slug":"on-a-vu-20-minutes-du-film-qui-veut-sauver-marvel","status":"publish","type":"post","link":"https:\/\/www.europesays.com\/fr\/236357\/","title":{"rendered":"on a vu 20 minutes du film qui veut sauver Marvel !"},"content":{"rendered":"<p>Cet \u00e9t\u00e9, O0ua veut vous donner <strong>quatre bonnes raisons de croire en son avenir<\/strong> au cin\u00e9ma. Apr\u00e8s <a href=\"https:\/\/www.journaldugeek.com\/dossier\/marvel-ferme-le-rideau-sur-sa-phase-5-analyse-dun-desastre\/\" target=\"_blank\" rel=\"noopener\">une phase 5 chaotique<\/a>, dans les salles obscures comme sur Disney+, la Maison des Id\u00e9es mise sur sa famille la plus c\u00e9l\u00e8bre et la plus appr\u00e9ci\u00e9e pour renouer avec le succ\u00e8s. <strong>Les 4 Fantastiques vont enfin leur entr\u00e9e au MCU<\/strong>, six ans apr\u00e8s le rachat de la Fox par Disney et alors que la saga s\u2019enfonce un peu plus dans les m\u00e9andres du multivers. Nouveaux horizons, nouveaux enjeux et surtout un cap clair vers Avengers\u00a0: Doomsday, le film de Matt Shakman est attendu de pied ferme par les adorateurs du MCU autant que ceux qui avaient l\u00e2ch\u00e9 l\u2019affaire depuis un moment.<\/p>\n<p>Le cin\u00e9aste, \u00e0 qui l\u2019on doit la s\u00e9rie WandaVision, veut prouver que la franchise peut se renouveler<strong> dans la forme<\/strong> comme <strong>dans le fond<\/strong> avec une esth\u00e9tique inspir\u00e9e du <strong>r\u00e9trofuturisme des ann\u00e9es 60<\/strong> et <strong>une port\u00e9e \u00e9motionnelle jamais vue<\/strong> sous la banni\u00e8re Marvel Studios. Si l\u2019on ne peut pas encore vous communiquer notre sentiment sur ces 20 minutes pioch\u00e9es ici et l\u00e0 dans le long-m\u00e9trage, on peut d\u00e9j\u00e0 faire le point sur ce qu\u2019il faut savoir avant de se rendre dans les salles obscures.<\/p>\n<p> <img loading=\"lazy\" decoding=\"async\" class=\"size-full wp-image-50559174\" src=\"https:\/\/www.europesays.com\/fr\/wp-content\/uploads\/2025\/07\/avis-premieres-minutes-quatre-fantastiques.jpg\" alt=\"Avis Premie\u0300res Minutes Quatre Fantastiques\" width=\"1920\" height=\"1280\"  \/>\u00a9 Marvel Adieu la Terre-616 <\/p>\n<p>Pour la deuxi\u00e8me fois sur grand \u00e9cran, Marvel s\u2019affranchit tout \u00e0 fait de sa continuit\u00e9 principale pour <strong>explorer le multivers.<\/strong> Exit la Terre-616, elle qui a vu na\u00eetre les Avengers et mourir bon nombre d\u2019entre eux avec Endgame. Le voyage dans le temps des superh\u00e9ros pour d\u00e9truire Thanos a ouvert le champ des possibles pour la Maison des id\u00e9es et offert aux sc\u00e9naristes et r\u00e9alisateurs une occasion en or d\u2019immortaliser de nouveaux mondes.<\/p>\n<p>C\u2019est de cette envie d\u2019ailleurs qu\u2019est n\u00e9 <a href=\"https:\/\/www.journaldugeek.com\/2025\/04\/25\/deadpool-wolverine-sur-disney-ces-5-easters-eggs-que-vous-avez-surement-loupe\/\" target=\"_blank\" rel=\"noopener\">Deadpool &amp; Wolverine<\/a> en 2024. Le film \u00e9voluait n\u00e9anmoins autour du voyage entre les mondes, rappelant sans cesse la continuit\u00e9 du MCU avec un go\u00fbt prononc\u00e9 pour la m\u00e9tar\u00e9f\u00e9rence. Rien de tout \u00e7a dans le dernier-n\u00e9 de l\u2019\u00e9curie, qui plonge les spectateurs dans un monde r\u00e9trofuturiste et avec des h\u00e9ros n\u2019ayant aucune connaissance du multivers et de ses particularit\u00e9s. On sait d\u00e9sormais que c\u2019est la <strong>Terre-828<\/strong> qui sera explor\u00e9e. <strong>Une r\u00e9alit\u00e9 in\u00e9dite<\/strong> et donc une infinit\u00e9 d\u2019enjeux \u00e0 d\u00e9couvrir. Outre une esth\u00e9tique notablement diff\u00e9rente, couleurs pop et r\u00e9f\u00e9rences \u00e9videntes aux films de science-fiction des ann\u00e9es 60, Les 4 Fantastiques, premiers pas immortalise <strong>Reed Richards, Ben Grimm, Sue et Johnny Storm<\/strong> dans un monde o\u00f9 <strong>l\u2019attaque de New York en 2012 n\u2019a jamais eu lieu<\/strong> et o\u00f9 le simple nom de Thanos ne fait pas fr\u00e9mir des milliards d\u2019\u00eatres humains.<\/p>\n<p> <img loading=\"lazy\" decoding=\"async\" class=\"size-full wp-image-50559175\" src=\"https:\/\/www.europesays.com\/fr\/wp-content\/uploads\/2025\/07\/avis-premieres-minutes-quatre-fantastiques-cinema.jpg\" alt=\"Avis Premie\u0300res Minutes Quatre Fantastiques Cine\u0301ma\" width=\"1920\" height=\"1280\"  \/>\u00a9 Marvel Joyeux 4eme anniversaire <\/p>\n<p>Plut\u00f4t qu\u2019une <strong>\u00e9ni\u00e8me \u201corigin story\u201d<\/strong>, Marvel pr\u00e9f\u00e8re raconter, comme l\u2019\u00e9quipe bien install\u00e9e se retrouve face \u00e0 une menace colossale. <strong>Quatre ans se sont \u00e9coul\u00e9s<\/strong> depuis l\u2019accident qui leur a conf\u00e9r\u00e9 des capacit\u00e9s extraordinaires, quatre ans durant lesquels ils ont prot\u00e9g\u00e9 l\u2019humanit\u00e9.<strong> Ils sont adul\u00e9s du public<\/strong>, bien rod\u00e9s lorsqu\u2019il s\u2019agit d\u2019intervenir rapidement et n\u2019ont pas peur de se salir les mains. Ce sont aussi des <strong>philanthropes notoires<\/strong>. <strong>Sue Storm s\u2019investit dans la g\u00e9opolitique<\/strong>, assurant une collaboration du monde de la surface avec celui des sous-terrains de la ville. De son c\u00f4t\u00e9, Reed Richards g\u00e8re la <strong>Future Foundation<\/strong> et partage son amour pour les sciences avec de jeunes \u00e9l\u00e8ves. Enfin, Johnny est adul\u00e9 des foules tandis que Ben est la vedette d\u2019un dessin anim\u00e9 populaire. Ils essaient tous de naviguer entre leurs responsabilit\u00e9s de justiciers et leurs vies priv\u00e9es.<\/p>\n<p> C\u2019est la famille <\/p>\n<p>On le disait plus t\u00f4t, la famille est \u00e0 l\u2019\u00e9picentre du r\u00e9cit. Dans ses th\u00e9matiques, le film devrait l\u2019aborder sous de nombreux prismes. La parentalit\u00e9 d\u2019abord, avec la naissance du premier enfant du couple Reed \u2013 Sue. Comme le montraient les bandes-annonces, la femme invisible attend un b\u00e9b\u00e9 et cet \u00e9v\u00e9nement va \u00eatre le principal moteur pour nos h\u00e9ros. Quand <strong>Galactus menace l\u2019Humanit\u00e9 et les g\u00e9n\u00e9rations suivantes<\/strong>, Sue Storm en fait une affaire personnelle. Dans les images que nous avons pu voir, elle appara\u00eet enceinte, se battant contre le crime \u00e0 Manhattan et interagissant avec l\u2019\u00e9quipe. Une grossesse qui lui donne une autre raison de se battre, aux c\u00f4t\u00e9s de son mari Reed, contre cette menace venue d\u2019ailleurs.<\/p>\n<p> <img loading=\"lazy\" decoding=\"async\" class=\"size-full wp-image-50559176\" src=\"https:\/\/www.europesays.com\/fr\/wp-content\/uploads\/2025\/07\/avis-premieres-minutes-quatre-fantastiques-marvel.jpg\" alt=\"Avis Premie\u0300res Minutes Quatre Fantastiques Marvel\" width=\"1920\" height=\"1280\"  \/>\u00a9 Marvel <\/p>\n<p>De son c\u00f4t\u00e9, Johnny semble d\u00e9velopper une <strong>fascination pour la Surfeuse d\u2019Argent<\/strong>. Enfin, Ben fait face aux m\u00eames probl\u00e8mes que ses pr\u00e9d\u00e9cesseurs, \u00e0 savoir une difficult\u00e9 \u00e0 trouver sa place dans un monde qui ne le voit que comme un tas de pierre et h\u00e9ros d\u2019un cartoon populaire. Si la duologie de Tim Story faisait le choix d\u2019en faire un monstre craint par le commun des mortels, il est ici r\u00e9duit au r\u00f4le d\u2019animal de foire qui peine \u00e0 tisser de vrais liens avec son entourage (en dehors des 4 Fantastiques).<\/p>\n<p>Les images que nous avons pu visionner ne sont pas lin\u00e9aires et ont \u00e9t\u00e9 pioch\u00e9es ici et l\u00e0 dans le long-m\u00e9trage. On imagine que les \u00e9l\u00e9ments pivots de la narration ont \u00e9t\u00e9 pass\u00e9s sous silence pour pr\u00e9server le myst\u00e8re avant la sortie du film. Rappelons aussi que le film pourrait faire intervenir le grand m\u00e9chant de la nouvelle saga du MCU\u00a0: Fatalis. Les liens entre l\u2019antagoniste camp\u00e9 par Robert Downey Jr et les 4 Fantastiques sont assez \u00e9vidents, de quoi pr\u00e9parer<a href=\"https:\/\/www.journaldugeek.com\/dossier\/marvel-voici-la-liste-des-films-annonces-jusquen-2028\/\" target=\"_blank\" rel=\"noopener\"> Avengers\u00a0: Doomsday<\/a> pr\u00e9vu pour 2026 au cin\u00e9ma.<\/p>\n<\/p>\n<p>    <a href=\"https:\/\/www.youtube.com\/user\/JournalduGeek?sub_confirmation=1\" target=\"_blank\" rel=\"nofollow noopener\"><br \/>\n        S&rsquo;abonner \u00e0 Journal du Geek<br \/>\n    <\/a> <\/p>\n<p>Pour rappel, Les 4 Fantastiques, premiers pas sort au cin\u00e9ma <strong>le 23 juillet prochain.<\/strong> Le film r\u00e9alis\u00e9 par Matt Shakman met en sc\u00e8ne <strong>Pedro Pascal, Vanessa Kirby, Joseph Quinn et Ebon Moss-Bachrach<\/strong> dans la peau des h\u00e9ros de cette aventure in\u00e9dite. <strong>Julia Garner et Ralph Ineson<\/strong> sont aussi convi\u00e9s \u00e0 prendre part \u00e0 cette aventure et campent respectivement la <strong>Surfeuse d\u2019Argent et Galactus.\u00a0<\/strong><\/p>\n<blockquote>\n<p class=\"text-base text-neutral-700 dark:text-neutral-300\">\ud83d\udfe3 Pour ne manquer aucune news sur le Journal du Geek, abonnez-vous sur <a href=\"https:\/\/news.google.com\/publications\/CAAqBwgKMNr_hAswwYyCAw?hl=fr&amp;gl=FR&amp;ceid=FR%3Afr\" target=\"_blank\" rel=\"noopener\">Google Actualit\u00e9s<\/a> et sur <a href=\"https:\/\/whatsapp.com\/channel\/0029VaClM5y4tRry12tb7D2h\" target=\"_blank\" rel=\"noopener\">notre WhatsApp<\/a>. Et si vous nous adorez, on a <a href=\"https:\/\/www.journaldugeek.com\/newsletter\/\" target=\"_blank\" rel=\"noopener\">une newsletter tous les matins<\/a>.<\/p>\n<\/blockquote>\n","protected":false},"excerpt":{"rendered":"Cet \u00e9t\u00e9, O0ua veut vous donner quatre bonnes raisons de croire en son avenir au cin\u00e9ma. Apr\u00e8s une&hellip;\n","protected":false},"author":2,"featured_media":236358,"comment_status":"","ping_status":"","sticky":false,"template":"","format":"standard","meta":{"footnotes":""},"categories":[1354],"tags":[58,59,1346,1011,27,28380,2135,11224,1360,10167],"class_list":{"0":"post-236357","1":"post","2":"type-post","3":"status-publish","4":"format-standard","5":"has-post-thumbnail","7":"category-films","8":"tag-divertissement","9":"tag-entertainment","10":"tag-films","11":"tag-fr","12":"tag-france","13":"tag-les-4-fantastiques","14":"tag-marvel","15":"tag-mcu","16":"tag-movies","17":"tag-pedro-pascal"},"share_on_mastodon":{"url":"https:\/\/pubeurope.com\/@fr\/114820382068450394","error":""},"_links":{"self":[{"href":"https:\/\/www.europesays.com\/fr\/wp-json\/wp\/v2\/posts\/236357","targetHints":{"allow":["GET"]}}],"collection":[{"href":"https:\/\/www.europesays.com\/fr\/wp-json\/wp\/v2\/posts"}],"about":[{"href":"https:\/\/www.europesays.com\/fr\/wp-json\/wp\/v2\/types\/post"}],"author":[{"embeddable":true,"href":"https:\/\/www.europesays.com\/fr\/wp-json\/wp\/v2\/users\/2"}],"replies":[{"embeddable":true,"href":"https:\/\/www.europesays.com\/fr\/wp-json\/wp\/v2\/comments?post=236357"}],"version-history":[{"count":0,"href":"https:\/\/www.europesays.com\/fr\/wp-json\/wp\/v2\/posts\/236357\/revisions"}],"wp:featuredmedia":[{"embeddable":true,"href":"https:\/\/www.europesays.com\/fr\/wp-json\/wp\/v2\/media\/236358"}],"wp:attachment":[{"href":"https:\/\/www.europesays.com\/fr\/wp-json\/wp\/v2\/media?parent=236357"}],"wp:term":[{"taxonomy":"category","embeddable":true,"href":"https:\/\/www.europesays.com\/fr\/wp-json\/wp\/v2\/categories?post=236357"},{"taxonomy":"post_tag","embeddable":true,"href":"https:\/\/www.europesays.com\/fr\/wp-json\/wp\/v2\/tags?post=236357"}],"curies":[{"name":"wp","href":"https:\/\/api.w.org\/{rel}","templated":true}]}}