{"id":23636,"date":"2025-04-14T04:21:21","date_gmt":"2025-04-14T04:21:21","guid":{"rendered":"https:\/\/www.europesays.com\/fr\/23636\/"},"modified":"2025-04-14T04:21:21","modified_gmt":"2025-04-14T04:21:21","slug":"dieffenbach-au-val-qui-veut-participer-aux-championnats-de-france-de-lancer-de-haches-et-couteaux-fin-mai","status":"publish","type":"post","link":"https:\/\/www.europesays.com\/fr\/23636\/","title":{"rendered":"Dieffenbach-au-Val. Qui veut participer aux championnats de France de lancer de haches et couteaux, fin mai\u00a0?"},"content":{"rendered":"<p>Le club \u201cLa Pointe y est\u201d organise les 29, 30 et 31\u00a0mai les championnats de France de lancer de couteaux, de haches et de lances \u00e0 Dieffenbach-au-Val. Plus de 120 participants sont d\u00e9j\u00e0 inscrits et les inscriptions seront closes le 30\u00a0avril. Pour son 10e anniversaire, le club fait tr\u00e8s fort en organisant ce championnat. Le travail que cela repr\u00e9sente est \u00e9norme\u00a0: la mise en place des pas de tirs et des cibles, la conception des m\u00e9dailles et troph\u00e9es, le spectacle de fin de soir\u00e9e\u2026<\/p>\n<p>Pascal Bebon, pr\u00e9sident, souligne\u00a0: \u00ab\u00a0Lors du week-end de comp\u00e9tition, je dors 4\u00a0heures par nuit. Je dois \u00eatre en place avec mon \u00e9quipe de 35 membres. Chacun a sa fonction qui va de juge, \u00e0 barman en passant par lanceur.\u00a0\u00bb<\/p>\n<p>Les concurrents viennent de toute l\u2019Europe mais seuls sont class\u00e9s les Fran\u00e7ais. Polonais, Belges, Suisses, Italiens et une Am\u00e9ricaine sont d\u00e9j\u00e0 sur la liste.<\/p>\n<p>Les juges sont \u00e9quip\u00e9s de portables de notation de points, reli\u00e9s \u00e0 un central. Les r\u00e9sultats sont instantan\u00e9s apr\u00e8s chaque \u00e9preuve. Celles-ci comportent le couteau, la hache simple et double. Le concurrent inscrit dans toutes les disciplines aura fort \u00e0 faire\u00a0!<\/p>\n<p>  Des animations en soir\u00e9e<\/p>\n<p>Les cibles sont coup\u00e9es sur place, soit 150 rondelles de 60\u00a0cm de diam\u00e8tre de 17\u00a0cm d\u2019\u00e9paisseur et d\u2019un poids d\u2019environ 55\u00a0kg. Tout se fait sur site par les membres du club et les journ\u00e9es de travail sont charg\u00e9es. En plus du terrain de foot, des \u00e9preuves se d\u00e9rouleront sur l\u2019ancienne aire de lancer.<\/p>\n<p>Des animations comme le groupe celtique des Galways Lads, un spectacle de feu, et un feu d\u2019artifice agr\u00e9menteront les diff\u00e9rentes soir\u00e9es. Un camping chez le fermier, des consignes de s\u00e9curit\u00e9 strictes et une ambiance sympathique sont de rigueur.<\/p>\n<p class=\"note\">Manifestation ouverte \u00e0 tous et gratuite, d\u00e8s le 29\u00a0mai \u00e0 9h, au 34 chemin de Saint-Maurice \u00e0 Dieffenbach-au-Val. L\u2019inscription \u00e0 la comp\u00e9tition est de 60\u00a0\u20ac par lanceur. Les repas du jeudi midi, vendredi midi et samedi midi sont propos\u00e9s \u00e0 15\u00a0\u20ac par repas sur le site de lancer. Plus d\u2019informations sur la page Facebook \u201cClub de lancer La Pointe Y Est\u201d.<\/p>\n","protected":false},"excerpt":{"rendered":"Le club \u201cLa Pointe y est\u201d organise les 29, 30 et 31\u00a0mai les championnats de France de lancer&hellip;\n","protected":false},"author":2,"featured_media":23637,"comment_status":"","ping_status":"","sticky":false,"template":"","format":"standard","meta":{"footnotes":""},"categories":[4],"tags":[11,1687,8621,3143,3326,107,1011,27,12,25,517,8622],"class_list":{"0":"post-23636","1":"post","2":"type-post","3":"status-publish","4":"format-standard","5":"has-post-thumbnail","7":"category-france","8":"tag-actualites","9":"tag-culture-loisirs","10":"tag-dieffenbach-au-val","11":"tag-edition-selestat-erstein","12":"tag-fete-locale","13":"tag-fil-info","14":"tag-fr","15":"tag-france","16":"tag-news","17":"tag-republique-francaise","18":"tag-sport","19":"tag-vallee-de-ville"},"share_on_mastodon":{"url":"https:\/\/pubeurope.com\/@fr\/114334405952790583","error":""},"_links":{"self":[{"href":"https:\/\/www.europesays.com\/fr\/wp-json\/wp\/v2\/posts\/23636","targetHints":{"allow":["GET"]}}],"collection":[{"href":"https:\/\/www.europesays.com\/fr\/wp-json\/wp\/v2\/posts"}],"about":[{"href":"https:\/\/www.europesays.com\/fr\/wp-json\/wp\/v2\/types\/post"}],"author":[{"embeddable":true,"href":"https:\/\/www.europesays.com\/fr\/wp-json\/wp\/v2\/users\/2"}],"replies":[{"embeddable":true,"href":"https:\/\/www.europesays.com\/fr\/wp-json\/wp\/v2\/comments?post=23636"}],"version-history":[{"count":0,"href":"https:\/\/www.europesays.com\/fr\/wp-json\/wp\/v2\/posts\/23636\/revisions"}],"wp:featuredmedia":[{"embeddable":true,"href":"https:\/\/www.europesays.com\/fr\/wp-json\/wp\/v2\/media\/23637"}],"wp:attachment":[{"href":"https:\/\/www.europesays.com\/fr\/wp-json\/wp\/v2\/media?parent=23636"}],"wp:term":[{"taxonomy":"category","embeddable":true,"href":"https:\/\/www.europesays.com\/fr\/wp-json\/wp\/v2\/categories?post=23636"},{"taxonomy":"post_tag","embeddable":true,"href":"https:\/\/www.europesays.com\/fr\/wp-json\/wp\/v2\/tags?post=23636"}],"curies":[{"name":"wp","href":"https:\/\/api.w.org\/{rel}","templated":true}]}}