{"id":236380,"date":"2025-07-09T00:24:16","date_gmt":"2025-07-09T00:24:16","guid":{"rendered":"https:\/\/www.europesays.com\/fr\/236380\/"},"modified":"2025-07-09T00:24:16","modified_gmt":"2025-07-09T00:24:16","slug":"horaires-et-lignes-maritimes-a-la-seyne-et-hyeres-pour-lete-2025","status":"publish","type":"post","link":"https:\/\/www.europesays.com\/fr\/236380\/","title":{"rendered":"horaires et lignes maritimes \u00e0 La Seyne et Hy\u00e8res pour l\u2019\u00e9t\u00e9 2025"},"content":{"rendered":"<p>\t\t\t\t\t\t\t\tVotre \u00e9t\u00e9 en bateau avec le r\u00e9seau Mistral : horaires estivaux renforc\u00e9s, pratique, agr\u00e9able et accessible !<\/p>\n<p class=\"ai-optimize-9 ai-optimize-introduction\" data-start=\"587\" data-end=\"1077\">R\u00e9seau Mistral : horaires et lignes maritimes pour l\u2019\u00e9t\u00e9 2025 sont disponibles sur l\u2019appli r\u00e9seau Mistral.<br \/>Pour vous en parler, Val\u00e9rie Canto, responsable communication et client\u00e8le du r\u00e9seau Mistral, nous pr\u00e9sente les nouveaut\u00e9s du service maritime. <strong>R\u00e9seau Mistral : horaires et lignes &gt; <a href=\"https:\/\/www.reseaumistral.com\/se-deplacer\/lignes\" target=\"_blank\" rel=\"noopener\">ici<\/a><\/strong><\/p>\n<blockquote>\n<p class=\"ai-optimize-9 ai-optimize-introduction\" data-start=\"587\" data-end=\"1077\">Gr\u00e2ce \u00e0 des d\u00e9parts renforc\u00e9s et de nouvelles lignes, le r\u00e9seau Mistral s\u2019adapte aux envies de soleil et de mobilit\u00e9 douce. Direction La Seyne-sur-Mer et Hy\u00e8res, deux communes cl\u00e9s de ce dispositif estival.<\/p>\n<\/blockquote>\n<p><img loading=\"lazy\" decoding=\"async\" class=\"size-full wp-image-54995\" src=\"https:\/\/www.europesays.com\/fr\/wp-content\/uploads\/2025\/07\/reseau-mistral-horaires-ete-2025-38M-la-seyne-info83.jpg\" alt=\"r\u00e9seau Mistral : horaires\" width=\"540\" height=\"800\"  \/>\u00c0 La Seyne-sur-Mer, la ligne 38M reprend du service.<br \/>\nR\u00e9seau Mistral La Seyne : la ligne 38M reprend du service<\/p>\n<p class=\"ai-optimize-11\" data-start=\"1137\" data-end=\"1646\">\u00c0 partir du 5 juillet 2025, le bateau bus <strong data-start=\"1180\" data-end=\"1187\">38M<\/strong> reprend ses rotations quotidiennes entre <strong data-start=\"1229\" data-end=\"1248\">La Seyne centre<\/strong>, le <strong data-start=\"1253\" data-end=\"1277\">ponton Espace Marine<\/strong> et <strong data-start=\"1281\" data-end=\"1298\">Les Sablettes<\/strong>. Elle propose <strong data-start=\"1313\" data-end=\"1343\">10 allers-retours par jour<\/strong> dans chaque sens jusqu\u2019au 31 ao\u00fbt 2025 inclus.<br \/>Pratique, agr\u00e9able et accessible ! Avec le r\u00e9seau Mistral : les horaires d\u2019\u00e9t\u00e9, avec une fr\u00e9quence renforc\u00e9e r\u00e9pondent \u00e0 la demande estivale. Le tarif reste attractif : <strong data-start=\"1575\" data-end=\"1593\">2 \u20ac par trajet<\/strong>, ticket achetable via l\u2019appli ou directement \u00e0 bord.<\/p>\n<p><img loading=\"lazy\" decoding=\"async\" class=\"size-full wp-image-54999\" src=\"https:\/\/www.europesays.com\/fr\/wp-content\/uploads\/2025\/07\/reseau-mistral-horaires-bus-bateau-ete2025-info83.jpg\" alt=\"r\u00e9seau Mistral : horaires\" width=\"566\" height=\"800\"  \/>R\u00e9seau Mistral Hy\u00e8res : lancement de la ligne maritime 65M.<br \/>\nR\u00e9seau Mistral Hy\u00e8res : lancement de la ligne maritime 65M<\/p>\n<p class=\"ai-optimize-13\" data-start=\"1707\" data-end=\"2250\">Grande nouveaut\u00e9 2025 : <strong data-start=\"1731\" data-end=\"1741\">Hy\u00e8res<\/strong> accueille une ligne de <strong data-start=\"1765\" data-end=\"1786\">cabotage maritime<\/strong>, la <strong data-start=\"1791\" data-end=\"1798\">65M<\/strong>, active du 5 juillet au 31 ao\u00fbt 2025. Elle relie les ports d\u2019Hy\u00e8res : <strong data-start=\"1843\" data-end=\"1859\">Saint-Pierre<\/strong>, <strong data-start=\"1861\" data-end=\"1873\">La Capte<\/strong>, <strong data-start=\"1875\" data-end=\"1888\">L\u2019Ayguade<\/strong> et <strong data-start=\"1892\" data-end=\"1908\">Port Pothuau<\/strong>, avec des rotations <strong data-start=\"1929\" data-end=\"1959\">tous les jours de 9h \u00e0 20h<\/strong>.<br \/>Cette initiative, lanc\u00e9e en partenariat avec TPM, permet aux habitants et vacanciers de profiter des plages autrement. L\u00e0 aussi, le r\u00e9seau Mistral pr\u00e9voit une offre r\u00e9guli\u00e8re avec un tarif unique de <strong data-start=\"2186\" data-end=\"2193\">2 \u20ac par personne et par voyage (gratuit pour les moins de 3 ans)<\/strong>. Un vrai plus pour vos trajets estivaux en bord de mer !<\/p>\n<blockquote>\n<p class=\"ai-optimize-14\" data-start=\"2257\" data-end=\"2407\" data-is-last-node=\"\" data-is-only-node=\"\">Cet \u00e9t\u00e9, laissez la voiture de c\u00f4t\u00e9 : le r\u00e9seau Mistral vous transporte en bateau \u00e0 travers les plus beaux paysages du littoral varois.<\/p>\n<\/blockquote>\n<p><img loading=\"lazy\" decoding=\"async\" class=\"size-full wp-image-55001\" src=\"https:\/\/www.europesays.com\/fr\/wp-content\/uploads\/2025\/07\/reseau-mistral-hyeres-un-ete-2025-en-navette-maritimes-.jpg\" alt=\"r\u00e9seau Mistral : horaires\" width=\"800\" height=\"477\"  \/>Grande nouveaut\u00e9 2025 : Hy\u00e8res accueille une ligne de cabotage maritime, la 65M, active du 5 juillet au 31 ao\u00fbt 2025.<\/p>\n<p class=\"ai-optimize-15\"><strong>\u00a0<\/strong><\/p>\n<p class=\"ai-optimize-16\"><strong>A voir aussi :<\/strong><\/p>\n<p class=\"jeg_post_title ai-optimize-6\"><a href=\"https:\/\/www.info83.fr\/ete-2025-avec-le-reseau-mistral-des-lignes-estivales-pour-une-mobilite-douce\/\" target=\"_blank\" rel=\"noopener\">\u00c9t\u00e9 2025 avec le r\u00e9seau Mistral : des lignes estivales pour une mobilit\u00e9 douce<\/a><\/p>\n<p class=\"ai-optimize-16\"><strong>\u00a0<\/strong><\/p>\n<p class=\"ai-optimize-17\"><strong><img decoding=\"async\" class=\"emoji\" role=\"img\" draggable=\"false\" src=\"https:\/\/s.w.org\/images\/core\/emoji\/13.1.0\/svg\/1f538.svg\" alt=\"\ud83d\udd38\" data-pin-no-hover=\"true\"\/>Info83, le Var proche de vous<br \/><\/strong><\/p>\n<p class=\"ai-optimize-18\"><img decoding=\"async\" class=\"emoji\" role=\"img\" draggable=\"false\" src=\"https:\/\/s.w.org\/images\/core\/emoji\/13.1.0\/svg\/27a1.svg\" alt=\"\u27a1\ufe0f\" data-pin-no-hover=\"true\"\/>\u00a0<a href=\"https:\/\/bit.ly\/2OZZMMK\" target=\"_blank\" rel=\"noopener noreferrer\">Facebook Info83<\/a><\/p>\n<p class=\"ai-optimize-19\"><img decoding=\"async\" class=\"emoji\" role=\"img\" draggable=\"false\" src=\"https:\/\/s.w.org\/images\/core\/emoji\/13.1.0\/svg\/27a1.svg\" alt=\"\u27a1\ufe0f\" data-pin-no-hover=\"true\"\/>\u00a0<a href=\"https:\/\/bit.ly\/2ONkTC9\" target=\"_blank\" rel=\"noopener noreferrer\">Youtube Info83<\/a><\/p>\n<p>\u00a0<\/p>\n","protected":false},"excerpt":{"rendered":"Votre \u00e9t\u00e9 en bateau avec le r\u00e9seau Mistral : horaires estivaux renforc\u00e9s, pratique, agr\u00e9able et accessible ! R\u00e9seau&hellip;\n","protected":false},"author":2,"featured_media":236381,"comment_status":"","ping_status":"","sticky":false,"template":"","format":"standard","meta":{"footnotes":""},"categories":[9619],"tags":[1111,11,5160,7048,17545,1777,674,1011,27,17230,10093,9958,37540,37541,12,882,25,30988,2310],"class_list":{"0":"post-236380","1":"post","2":"type-post","3":"status-publish","4":"format-standard","5":"has-post-thumbnail","7":"category-toulon","8":"tag-actu","9":"tag-actualites","10":"tag-bateau","11":"tag-bus","12":"tag-ete-2025","13":"tag-eu","14":"tag-europe","15":"tag-fr","16":"tag-france","17":"tag-horaire","18":"tag-horaires","19":"tag-hyeres","20":"tag-la-seyne","21":"tag-lignes-maritimes","22":"tag-news","23":"tag-provence-alpes-cote-dazur","24":"tag-republique-francaise","25":"tag-reseau-mistral","26":"tag-toulon"},"share_on_mastodon":{"url":"https:\/\/pubeurope.com\/@fr\/114820433212987405","error":""},"_links":{"self":[{"href":"https:\/\/www.europesays.com\/fr\/wp-json\/wp\/v2\/posts\/236380","targetHints":{"allow":["GET"]}}],"collection":[{"href":"https:\/\/www.europesays.com\/fr\/wp-json\/wp\/v2\/posts"}],"about":[{"href":"https:\/\/www.europesays.com\/fr\/wp-json\/wp\/v2\/types\/post"}],"author":[{"embeddable":true,"href":"https:\/\/www.europesays.com\/fr\/wp-json\/wp\/v2\/users\/2"}],"replies":[{"embeddable":true,"href":"https:\/\/www.europesays.com\/fr\/wp-json\/wp\/v2\/comments?post=236380"}],"version-history":[{"count":0,"href":"https:\/\/www.europesays.com\/fr\/wp-json\/wp\/v2\/posts\/236380\/revisions"}],"wp:featuredmedia":[{"embeddable":true,"href":"https:\/\/www.europesays.com\/fr\/wp-json\/wp\/v2\/media\/236381"}],"wp:attachment":[{"href":"https:\/\/www.europesays.com\/fr\/wp-json\/wp\/v2\/media?parent=236380"}],"wp:term":[{"taxonomy":"category","embeddable":true,"href":"https:\/\/www.europesays.com\/fr\/wp-json\/wp\/v2\/categories?post=236380"},{"taxonomy":"post_tag","embeddable":true,"href":"https:\/\/www.europesays.com\/fr\/wp-json\/wp\/v2\/tags?post=236380"}],"curies":[{"name":"wp","href":"https:\/\/api.w.org\/{rel}","templated":true}]}}