{"id":236394,"date":"2025-07-09T00:34:18","date_gmt":"2025-07-09T00:34:18","guid":{"rendered":"https:\/\/www.europesays.com\/fr\/236394\/"},"modified":"2025-07-09T00:34:18","modified_gmt":"2025-07-09T00:34:18","slug":"geispolsheim-un-feu-de-voiture-provoque-un-important-bouchon-sur-la-m35","status":"publish","type":"post","link":"https:\/\/www.europesays.com\/fr\/236394\/","title":{"rendered":"Geispolsheim. Un feu de voiture provoque un important bouchon sur la M35"},"content":{"rendered":"<p>Un v\u00e9hicule en feu a \u00e9t\u00e9 signal\u00e9 ce mardi 8 juillet vers 13h35 sur la M35 \u00e0 hauteur du centre commercial La Vigie \u00e0 Geispolsheim, dans le sens Strasbourg-Colmar.<\/p>\n<p>Les secours sont intervenus pour \u00e9teindre l&rsquo;incendie. Les CRS de l&rsquo;autoroute ont neutralis\u00e9 l&rsquo;une des voies de circulation, le temps de l&rsquo;intervention. Ce qui a g\u00e9n\u00e9r\u00e9 un bouchon de plusieurs kilom\u00e8tres.<\/p>\n<p>A 14h15, l&rsquo;ensemble des voies avaient \u00e9t\u00e9 rouvertes et le bouchon \u00e9tait en cours de r\u00e9sorption.<\/p>\n","protected":false},"excerpt":{"rendered":"Un v\u00e9hicule en feu a \u00e9t\u00e9 signal\u00e9 ce mardi 8 juillet vers 13h35 sur la M35 \u00e0 hauteur&hellip;\n","protected":false},"author":2,"featured_media":236395,"comment_status":"","ping_status":"","sticky":false,"template":"","format":"standard","meta":{"footnotes":""},"categories":[2820],"tags":[119,1111,11,11353,2880,1777,674,274,107,1011,27,775,12,25,640],"class_list":{"0":"post-236394","1":"post","2":"type-post","3":"status-publish","4":"format-standard","5":"has-post-thumbnail","7":"category-strasbourg","8":"tag-accident","9":"tag-actu","10":"tag-actualites","11":"tag-eckbolsheim","12":"tag-edition-strasbourg","13":"tag-eu","14":"tag-europe","15":"tag-faits-divers-justice","16":"tag-fil-info","17":"tag-fr","18":"tag-france","19":"tag-grand-est","20":"tag-news","21":"tag-republique-francaise","22":"tag-strasbourg"},"share_on_mastodon":{"url":"https:\/\/pubeurope.com\/@fr\/114820472255937719","error":""},"_links":{"self":[{"href":"https:\/\/www.europesays.com\/fr\/wp-json\/wp\/v2\/posts\/236394","targetHints":{"allow":["GET"]}}],"collection":[{"href":"https:\/\/www.europesays.com\/fr\/wp-json\/wp\/v2\/posts"}],"about":[{"href":"https:\/\/www.europesays.com\/fr\/wp-json\/wp\/v2\/types\/post"}],"author":[{"embeddable":true,"href":"https:\/\/www.europesays.com\/fr\/wp-json\/wp\/v2\/users\/2"}],"replies":[{"embeddable":true,"href":"https:\/\/www.europesays.com\/fr\/wp-json\/wp\/v2\/comments?post=236394"}],"version-history":[{"count":0,"href":"https:\/\/www.europesays.com\/fr\/wp-json\/wp\/v2\/posts\/236394\/revisions"}],"wp:featuredmedia":[{"embeddable":true,"href":"https:\/\/www.europesays.com\/fr\/wp-json\/wp\/v2\/media\/236395"}],"wp:attachment":[{"href":"https:\/\/www.europesays.com\/fr\/wp-json\/wp\/v2\/media?parent=236394"}],"wp:term":[{"taxonomy":"category","embeddable":true,"href":"https:\/\/www.europesays.com\/fr\/wp-json\/wp\/v2\/categories?post=236394"},{"taxonomy":"post_tag","embeddable":true,"href":"https:\/\/www.europesays.com\/fr\/wp-json\/wp\/v2\/tags?post=236394"}],"curies":[{"name":"wp","href":"https:\/\/api.w.org\/{rel}","templated":true}]}}