{"id":236406,"date":"2025-07-09T00:42:15","date_gmt":"2025-07-09T00:42:15","guid":{"rendered":"https:\/\/www.europesays.com\/fr\/236406\/"},"modified":"2025-07-09T00:42:15","modified_gmt":"2025-07-09T00:42:15","slug":"pourquoi-il-y-a-eu-un-attroupement-de-militaires-pres-de-la-gare-de-toulouse-en-milieu-dapres-midi","status":"publish","type":"post","link":"https:\/\/www.europesays.com\/fr\/236406\/","title":{"rendered":"Pourquoi il y a eu un attroupement de militaires pr\u00e8s de la gare de Toulouse en milieu d&rsquo;apr\u00e8s-midi"},"content":{"rendered":"<p>            Par<br \/>\n        <strong><br \/>\n            <a href=\"https:\/\/actu.fr\/auteur\/mareva-laville-actu-fr\" title=\"Consulter tous les articles de Mar\u00e9va Laville\" target=\"_blank\" rel=\"noopener\">Mar\u00e9va Laville<\/a><br \/>\n        <\/strong><\/p>\n<p>        Publi\u00e9 le<\/p>\n<p>            8 juil. 2025 \u00e0 15h39        <\/p>\n<p>Mais que s\u2019est-il pass\u00e9 pr\u00e8s de la<strong> gare de Toulouse-Matabiau<\/strong>\u2009? La circulation \u00e9tait satur\u00e9e tout autour de la<a href=\"https:\/\/actu.fr\/occitanie\/toulouse_31555\/toulouse-bouteilles-d-urine-depots-d-excrements-pourquoi-la-mediatheque-a-ete-fermee-ce-jeudi_62093339.html\" target=\"_blank\" rel=\"noopener\"> m\u00e9diath\u00e8que Jos\u00e9 Cabanis<\/a> ce mardi 8 juillet 2025, vers 15h, et plusieurs militaires s\u00e9curisaient le pont qui chevauche les voies ferroviaires, sur le boulevard de Marengo, alertait une source d\u2019Actu Toulouse vers 15h.<\/p>\n<p class=\" wall-content\">D\u2019apr\u00e8s Google Trafic, les embouteillages s\u2019\u00e9tendent sur la partie droite de la m\u00e9diath\u00e8que, de Jolimont vers les all\u00e9es Jean-Jaur\u00e8s.<\/p>\n<p>    <img   decoding=\"async\" loading=\"lazy\" src=\"https:\/\/www.europesays.com\/fr\/wp-content\/uploads\/2025\/07\/capture-decran-2025-07-08-151332-960x640.png\" alt=\"La circulation est satur\u00e9e le long de la m\u00e9diath\u00e8que, \u00e0 proximit\u00e9 directe de la gare Toulouse-Matabiau.\" width=\"960\" height=\"640\"\/><br \/>\n    La circulation est satur\u00e9e le long de la m\u00e9diath\u00e8que, \u00e0 proximit\u00e9 directe de la gare Toulouse-Matabiau. (\u00a9Capture d\u2019\u00e9cran Google Trafic)Un colis abandonn\u00e9 dans la gare de Toulouse<\/p>\n<p class=\" wall-content\">L\u2019attroupement de militaire a \u00e9t\u00e9 occasionn\u00e9 par \u00ab<strong>\u2009un bagage abandonn\u00e9<\/strong> signal\u00e9 en gare de Toulouse\u2009\u00bb, selon les informations d\u00e9voil\u00e9es par liO SNCF sur son compte X.<\/p>\n<p class=\" wall-content\">\n<p>La gare \u00e9vacu\u00e9e<\/p>\n<p class=\" wall-content\">En cons\u00e9quence, <strong>la circulation a \u00e9t\u00e9 interrompue<\/strong> et le b\u00e2timent de <strong>la gare a \u00e9t\u00e9 int\u00e9gralement \u00e9vacu\u00e9<\/strong> \u00ab\u2009le temps que les forces de l\u2019ordre interviennent sur place\u2009\u00bb, indique liO SNCF.<\/p>\n<p>Une intervention rapide<\/p>\n<p class=\" wall-content\">L\u2019intervention a \u00e9t\u00e9 rapide. Vers 15h25, la SNCF a annonc\u00e9 :<\/p>\n<p>Vid\u00e9os : en ce moment sur Actu<\/p>\n<p class=\" wall-content\">\u00ab\u00a0Les \u00e9quipes ont pu intervenir plus vite que pr\u00e9vu. La circulation reprend progressivement mais des perturbations importantes sont \u00e0 noter le temps que le trafic se r\u00e9gule\u00a0\u00bb.<\/p>\n<p class=\" wall-content\">Comme a pu le constater notre journaliste sur place, un nombre important de voyageurs \u00e9taient regroup\u00e9s dans le hall de la gare vers 15h30.<\/p>\n<p class=\" wall-content\">Suivez toute l\u2019actualit\u00e9 de vos villes et m\u00e9dias favoris en vous inscrivant \u00e0 <a href=\"https:\/\/moncompte.actu.fr\" title=\"D\u00e9couvez Mon Actu\" rel=\"nofollow noopener\" data-trk=\"{&quot;cta&quot;:{&quot;action&quot;:&quot;https:\\\/\\\/moncompte.actu.fr&quot;,&quot;category&quot;:&quot;mon compte&quot;,&quot;from&quot;:&quot;article footer&quot;,&quot;name&quot;:&quot;Mon actu&quot;,&quot;type&quot;:&quot;cta&quot;}}\" target=\"_blank\">Mon Actu<\/a>.<\/p>\n","protected":false},"excerpt":{"rendered":"Par Mar\u00e9va Laville Publi\u00e9 le 8 juil. 2025 \u00e0 15h39 Mais que s\u2019est-il pass\u00e9 pr\u00e8s de la gare&hellip;\n","protected":false},"author":2,"featured_media":236407,"comment_status":"","ping_status":"","sticky":false,"template":"","format":"standard","meta":{"footnotes":""},"categories":[2816],"tags":[1111,11,1777,674,118,1011,27,12,2680,1072,25,2215,2312],"class_list":{"0":"post-236406","1":"post","2":"type-post","3":"status-publish","4":"format-standard","5":"has-post-thumbnail","7":"category-toulouse","8":"tag-actu","9":"tag-actualites","10":"tag-eu","11":"tag-europe","12":"tag-faits-divers","13":"tag-fr","14":"tag-france","15":"tag-news","16":"tag-occitanie","17":"tag-police","18":"tag-republique-francaise","19":"tag-sncf","20":"tag-toulouse"},"share_on_mastodon":{"url":"https:\/\/pubeurope.com\/@fr\/114820503844848470","error":""},"_links":{"self":[{"href":"https:\/\/www.europesays.com\/fr\/wp-json\/wp\/v2\/posts\/236406","targetHints":{"allow":["GET"]}}],"collection":[{"href":"https:\/\/www.europesays.com\/fr\/wp-json\/wp\/v2\/posts"}],"about":[{"href":"https:\/\/www.europesays.com\/fr\/wp-json\/wp\/v2\/types\/post"}],"author":[{"embeddable":true,"href":"https:\/\/www.europesays.com\/fr\/wp-json\/wp\/v2\/users\/2"}],"replies":[{"embeddable":true,"href":"https:\/\/www.europesays.com\/fr\/wp-json\/wp\/v2\/comments?post=236406"}],"version-history":[{"count":0,"href":"https:\/\/www.europesays.com\/fr\/wp-json\/wp\/v2\/posts\/236406\/revisions"}],"wp:featuredmedia":[{"embeddable":true,"href":"https:\/\/www.europesays.com\/fr\/wp-json\/wp\/v2\/media\/236407"}],"wp:attachment":[{"href":"https:\/\/www.europesays.com\/fr\/wp-json\/wp\/v2\/media?parent=236406"}],"wp:term":[{"taxonomy":"category","embeddable":true,"href":"https:\/\/www.europesays.com\/fr\/wp-json\/wp\/v2\/categories?post=236406"},{"taxonomy":"post_tag","embeddable":true,"href":"https:\/\/www.europesays.com\/fr\/wp-json\/wp\/v2\/tags?post=236406"}],"curies":[{"name":"wp","href":"https:\/\/api.w.org\/{rel}","templated":true}]}}