{"id":236408,"date":"2025-07-09T00:43:11","date_gmt":"2025-07-09T00:43:11","guid":{"rendered":"https:\/\/www.europesays.com\/fr\/236408\/"},"modified":"2025-07-09T00:43:11","modified_gmt":"2025-07-09T00:43:11","slug":"previsions-du-mercredi-9-juillet-2025-10","status":"publish","type":"post","link":"https:\/\/www.europesays.com\/fr\/236408\/","title":{"rendered":"pr\u00e9visions du mercredi 9 juillet 2025"},"content":{"rendered":"<p>Aujourd&rsquo;hui, les Toulousains vont pouvoir b\u00e9n\u00e9ficier d&rsquo;un soleil radieux. Les temp\u00e9ratures s&rsquo;\u00e9chelonneront entre 13 et 32\u00b0C. Un petit vent de nord-ouest soufflera au cours de la matin\u00e9e. Les temp\u00e9ratures vont monter pendant l&rsquo;apr\u00e8s-midi de plusieurs degr\u00e9s. Les valeurs maximales attendues sont \u00e9lev\u00e9es, avec 32\u00b0C. Le soir, de tr\u00e8s grosses chaleurs (entre 24\u00b0C et 30\u00b0C) sont annonc\u00e9es. Les temp\u00e9ratures seront de 27\u00b0C. Entre mercredi et jeudi, la nuit sera claire.<\/p>\n<p>Un beau soleil est attendu demain \u00e0 Toulouse. C&rsquo;est une hausse de quelques degr\u00e9s que vont enregistrer les temp\u00e9ratures. La ville va p\u00e2tir des fortes chaleurs avec des temp\u00e9ratures qui devraient grimper \u00e0 34\u00b0C. Les valeurs afficheront entre 16 et 34\u00b0C. Un vent de nord-ouest rafra\u00eechira quelque peu l&rsquo;atmosph\u00e8re. Attention \u00e0 la vague de chaleur dans la matin\u00e9e. Des temp\u00e9ratures de 19 \u00e0 31\u00b0C sont pr\u00e9vues. Les valeurs vont conna\u00eetre une augmentation de plusieurs degr\u00e9s dans l&rsquo;apr\u00e8s-midi. L&rsquo;\u00e9pisode d&rsquo;importantes chaleurs est bien l\u00e0, avec des valeurs qui risqueront d&rsquo;aller jusqu&rsquo;\u00e0 34\u00b0C. La ville va subir, demain soir, un passage de grosses chaleurs avec des temp\u00e9ratures qui atteindront parfois les 33\u00b0C.<\/p>\n<p>Les conditions m\u00e9t\u00e9orologiques des jours suivants vont changer progressivement. Les conditions m\u00e9t\u00e9orologiques perdureront vendredi mais une d\u00e9gradation s&rsquo;ensuivra samedi.<\/p>\n<p>En cette p\u00e9riode de fortes chaleurs, il est primordial de rester vigilant. Pensez \u00e0 boire r\u00e9guli\u00e8rement et \u00e0 vous prot\u00e9ger des rayons du soleil. Pendant vos activit\u00e9s en plein air, l&rsquo;\u00e9cran solaire est un indispensable pour \u00e9viter les coups de soleil !<\/p>\n","protected":false},"excerpt":{"rendered":"Aujourd&rsquo;hui, les Toulousains vont pouvoir b\u00e9n\u00e9ficier d&rsquo;un soleil radieux. Les temp\u00e9ratures s&rsquo;\u00e9chelonneront entre 13 et 32\u00b0C. Un petit&hellip;\n","protected":false},"author":2,"featured_media":236409,"comment_status":"","ping_status":"","sticky":false,"template":"","format":"standard","meta":{"footnotes":""},"categories":[2816],"tags":[1111,11,1777,674,1011,27,12,2680,2119,25,2312],"class_list":{"0":"post-236408","1":"post","2":"type-post","3":"status-publish","4":"format-standard","5":"has-post-thumbnail","7":"category-toulouse","8":"tag-actu","9":"tag-actualites","10":"tag-eu","11":"tag-europe","12":"tag-fr","13":"tag-france","14":"tag-news","15":"tag-occitanie","16":"tag-previsions-meteo","17":"tag-republique-francaise","18":"tag-toulouse"},"share_on_mastodon":{"url":"https:\/\/pubeurope.com\/@fr\/114820507722212531","error":""},"_links":{"self":[{"href":"https:\/\/www.europesays.com\/fr\/wp-json\/wp\/v2\/posts\/236408","targetHints":{"allow":["GET"]}}],"collection":[{"href":"https:\/\/www.europesays.com\/fr\/wp-json\/wp\/v2\/posts"}],"about":[{"href":"https:\/\/www.europesays.com\/fr\/wp-json\/wp\/v2\/types\/post"}],"author":[{"embeddable":true,"href":"https:\/\/www.europesays.com\/fr\/wp-json\/wp\/v2\/users\/2"}],"replies":[{"embeddable":true,"href":"https:\/\/www.europesays.com\/fr\/wp-json\/wp\/v2\/comments?post=236408"}],"version-history":[{"count":0,"href":"https:\/\/www.europesays.com\/fr\/wp-json\/wp\/v2\/posts\/236408\/revisions"}],"wp:featuredmedia":[{"embeddable":true,"href":"https:\/\/www.europesays.com\/fr\/wp-json\/wp\/v2\/media\/236409"}],"wp:attachment":[{"href":"https:\/\/www.europesays.com\/fr\/wp-json\/wp\/v2\/media?parent=236408"}],"wp:term":[{"taxonomy":"category","embeddable":true,"href":"https:\/\/www.europesays.com\/fr\/wp-json\/wp\/v2\/categories?post=236408"},{"taxonomy":"post_tag","embeddable":true,"href":"https:\/\/www.europesays.com\/fr\/wp-json\/wp\/v2\/tags?post=236408"}],"curies":[{"name":"wp","href":"https:\/\/api.w.org\/{rel}","templated":true}]}}