{"id":236410,"date":"2025-07-09T00:45:40","date_gmt":"2025-07-09T00:45:40","guid":{"rendered":"https:\/\/www.europesays.com\/fr\/236410\/"},"modified":"2025-07-09T00:45:40","modified_gmt":"2025-07-09T00:45:40","slug":"une-partie-de-lautoroute-a1-fermee-pendant-six-semaines-cet-ete-pour-dimportants-travaux-de-renovation-dans-le-sens-lille-paris","status":"publish","type":"post","link":"https:\/\/www.europesays.com\/fr\/236410\/","title":{"rendered":"Une partie de l&rsquo;autoroute A1 ferm\u00e9e pendant six semaines cet \u00e9t\u00e9 pour d\u2019importants travaux de r\u00e9novation dans le sens Lille-Paris"},"content":{"rendered":"<p class=\"article__intro\">Du 9 juillet au 19 ao\u00fbt 2025, le tron\u00e7on de l&rsquo;autoroute A1 traversant Ronchin et Lezennes, au sud de Lille, sera ferm\u00e9 dans le sens Lille-Paris, dans le cadre d&rsquo;un programme d\u2019entretien pluriannuel d\u00e9but\u00e9 en 2023.<\/p>\n<p>\n      Soci\u00e9t\u00e9\n    <\/p>\n<p>\n      De la vie quotidienne aux grands enjeux, d\u00e9couvrez les sujets qui font la soci\u00e9t\u00e9 locale, comme la justice, l\u2019\u00e9ducation, la sant\u00e9 et la famille.\n    <\/p>\n<p>    France T\u00e9l\u00e9visions utilise votre adresse e-mail afin de vous envoyer la newsletter \u00ab\u00a0Soci\u00e9t\u00e9\u00a0\u00bb. Vous pouvez vous d\u00e9sinscrire \u00e0 tout moment via le lien en bas de cette newsletter. <a target=\"_blank\" href=\"https:\/\/www.francetelevisions.fr\/groupe\/confidentialite\/politique-de-confidentialite\/politique-de-confidentialite-de-france-televisions-6503\" rel=\"noopener\">Notre politique de confidentialit\u00e9<\/a><\/p>\n<p>En cette p\u00e9riode de d\u00e9part en vacances, il va falloir s&rsquo;armer de patience si vous comptez emprunter l&rsquo;autoroute A1 dans le sens Lille-Paris.<\/p>\n<p>La raison ? Du 9 juillet au 19 ao\u00fbt 2025, le tron\u00e7on de l&rsquo;autoroute traversant Ronchin et Lezennes, au sud de Lille, sera ferm\u00e9 dans le sens Lille-Paris, pour d\u2019importants travaux de r\u00e9novation.<\/p>\n<p>\u201cIl y a tellement de travaux \u00e0 faire, que l\u2019id\u00e9e, c\u2019\u00e9tait de tous les r\u00e9unir en une seule fois. \u00c7a permet de concentrer la g\u00eane sur une seule p\u00e9riode et la plus r\u00e9duite possible\u201d, pr\u00e9cise Pierre Molager, secr\u00e9taire g\u00e9n\u00e9ral de Pr\u00e9fecture du Nord, ce mardi 8 juillet au micro de \u201cICI Nord\u201d.<\/p>\n<p><a data-article-figure=\"\" href=\"https:\/\/france3-regions.franceinfo.fr\/image\/x1sZW2c6_r_TmigIKo8M2FNXXwU\/2245x1587\/regions\/2025\/07\/08\/dir-nord-686cdf588a0d7162959559.png\" data-pswp-width=\"2245\" data-pswp-height=\"1587\" target=\"_blank\" rel=\"noopener\"><\/p>\n<p>          <img width=\"600\" height=\"400\" class=\"article-image lazy\" data-src=\"https:\/\/www.europesays.com\/fr\/wp-content\/uploads\/2025\/07\/dir-nord-686cdf588a0d7162959559.png\" alt=\"Les travaux sur l'autoroute A1 du 9 juillet au 19 ao\u00fbt \u00e0 Lille. \" fetchpriority=\"high\" as=\"image\"\/><\/p>\n<p>\n            Les travaux sur l&rsquo;autoroute A1 du 9 juillet au 19 ao\u00fbt \u00e0 Lille.<br \/>\n                           \u2022<br \/>\n                                      \u00a9 DIR Nord\n                      <\/p>\n<p><\/a><\/p>\n<p>Pour la pr\u00e9fecture, le choix de r\u00e9aliser ces travaux durant la p\u00e9riode estivale, s\u2019est fait en raison du trafic moins important. Il serait en \u00e9t\u00e9 de l\u2019ordre de 30 % inf\u00e9rieur au reste de l\u2019ann\u00e9e. Et aussi, car il ne s\u2019agit pas de d\u00e9placement pour le travail, du moins en grande partie, avec des horaires contraints.<\/p>\n<p>Ce programme d\u2019entretien pluriannuel a d\u00e9but\u00e9 en 2023 par le tronc commun de l\u2019A1 dans le sens Paris-Lille, sur le secteur Seclin-Lezennes. Deux ans plus tard, c&rsquo;est le sens Lille-Paris qui va passer sous le bistouri.<\/p>\n<p>Pour contourner cette fermeture totale \u201cde jour comme de nuit\u201d, qui va durer six semaines, <a href=\"https:\/\/france3-regions.franceinfo.fr\/hauts-de-france\/nord-0\/lille\/une-partie-de-l-autoroute-a1-fermee-cet-ete-pres-de-lille-comment-contourner-les-travaux-3169617.html\" target=\"_blank\" rel=\"noopener\">des d\u00e9viations sont mises en place.<\/a><\/p>\n","protected":false},"excerpt":{"rendered":"Du 9 juillet au 19 ao\u00fbt 2025, le tron\u00e7on de l&rsquo;autoroute A1 traversant Ronchin et Lezennes, au sud&hellip;\n","protected":false},"author":2,"featured_media":236411,"comment_status":"","ping_status":"","sticky":false,"template":"","format":"standard","meta":{"footnotes":""},"categories":[2815],"tags":[1111,11,1777,674,1011,27,811,1307,12,25],"class_list":{"0":"post-236410","1":"post","2":"type-post","3":"status-publish","4":"format-standard","5":"has-post-thumbnail","7":"category-lille","8":"tag-actu","9":"tag-actualites","10":"tag-eu","11":"tag-europe","12":"tag-fr","13":"tag-france","14":"tag-hauts-de-france","15":"tag-lille","16":"tag-news","17":"tag-republique-francaise"},"share_on_mastodon":{"url":"https:\/\/pubeurope.com\/@fr\/114820515582308258","error":""},"_links":{"self":[{"href":"https:\/\/www.europesays.com\/fr\/wp-json\/wp\/v2\/posts\/236410","targetHints":{"allow":["GET"]}}],"collection":[{"href":"https:\/\/www.europesays.com\/fr\/wp-json\/wp\/v2\/posts"}],"about":[{"href":"https:\/\/www.europesays.com\/fr\/wp-json\/wp\/v2\/types\/post"}],"author":[{"embeddable":true,"href":"https:\/\/www.europesays.com\/fr\/wp-json\/wp\/v2\/users\/2"}],"replies":[{"embeddable":true,"href":"https:\/\/www.europesays.com\/fr\/wp-json\/wp\/v2\/comments?post=236410"}],"version-history":[{"count":0,"href":"https:\/\/www.europesays.com\/fr\/wp-json\/wp\/v2\/posts\/236410\/revisions"}],"wp:featuredmedia":[{"embeddable":true,"href":"https:\/\/www.europesays.com\/fr\/wp-json\/wp\/v2\/media\/236411"}],"wp:attachment":[{"href":"https:\/\/www.europesays.com\/fr\/wp-json\/wp\/v2\/media?parent=236410"}],"wp:term":[{"taxonomy":"category","embeddable":true,"href":"https:\/\/www.europesays.com\/fr\/wp-json\/wp\/v2\/categories?post=236410"},{"taxonomy":"post_tag","embeddable":true,"href":"https:\/\/www.europesays.com\/fr\/wp-json\/wp\/v2\/tags?post=236410"}],"curies":[{"name":"wp","href":"https:\/\/api.w.org\/{rel}","templated":true}]}}